{"id":7050,"date":"2026-04-27T02:53:34","date_gmt":"2026-04-27T07:53:34","guid":{"rendered":"https:\/\/elpirobo.com\/?p=7050"},"modified":"2026-04-28T08:56:55","modified_gmt":"2026-04-28T13:56:55","slug":"gobernacion-del-valle-del-cauca-presenta-protocolo-contra-la-violencia-de-genero-en-el-ambito-laboral","status":"publish","type":"post","link":"https:\/\/elpirobo.com\/?p=7050","title":{"rendered":"Gobernaci\u00f3n del Valle del Cauca presenta protocolo contra la violencia de g\u00e9nero en el \u00e1mbito laboral"},"content":{"rendered":"\n<h2 class=\"wp-block-heading\"><strong>Bajo el liderazgo de la gobernadora Dilian Francisca Toro, la Secretar\u00eda de Mujer, Equidad de G\u00e9nero y Diversidad Sexual present\u00f3 el protocolo de la ruta de orientaci\u00f3n para la prevenci\u00f3n de violencias basadas en g\u00e9nero y discriminaci\u00f3n en el entorno laboral de la Gobernaci\u00f3n del Valle del Cauca. La iniciativa busca promover espacios de trabajo justos, respetuosos y libres de violencia.<\/strong><\/h2>\n\n\n\n<p>La gobernadora del Valle del Cauca, Dilian Francisca Toro, lider\u00f3 la realizaci\u00f3n del Consejo de Pol\u00edtica Social, un espacio estrat\u00e9gico para definir acciones concretas orientadas al bienestar de los vallecaucanos. En el marco de esta jornada, la Secretar\u00eda de Mujer, Equidad de G\u00e9nero y Diversidad Sexual present\u00f3 el protocolo de la ruta de orientaci\u00f3n para la prevenci\u00f3n de violencias basadas en g\u00e9nero y discriminaci\u00f3n en el entorno laboral de la Gobernaci\u00f3n del Valle del Cauca.<\/p>\n\n\n\n<p>Con esta medida, la administraci\u00f3n departamental busca generar entornos de trabajo seguros, respetuosos y libres de cualquier forma de violencia o discriminaci\u00f3n. La Secretar\u00eda destac\u00f3 que la iniciativa forma parte de un esfuerzo continuo por fortalecer la atenci\u00f3n oportuna y garantizar que cada persona pueda desarrollarse en condiciones de dignidad, equidad y bienestar.<\/p>\n\n\n\n<p>\u00abSeguimos trabajando con hechos para generar entornos seguros, fortalecer la atenci\u00f3n oportuna y garantizar que cada persona pueda desarrollarse en condiciones de dignidad, equidad y bienestar\u00bb, se\u00f1al\u00f3 la Secretar\u00eda de Mujer, Equidad de G\u00e9nero y Diversidad Sexual.<\/p>\n\n\n\n<p>El protocolo establece una ruta clara de orientaci\u00f3n y prevenci\u00f3n, con el objetivo de proteger a los servidores p\u00fablicos del departamento y promover una cultura organizacional basada en el respeto y la igualdad. Esta acci\u00f3n se suma a otras iniciativas lideradas por la gobernadora Dilian Francisca en materia de equidad de g\u00e9nero y protecci\u00f3n de derechos durante sus dos periodos de gobierno.<\/p>\n\n\n\n<p>La presentaci\u00f3n del protocolo se da en un contexto regional donde la violencia de g\u00e9nero sigue siendo un desaf\u00edo importante, y resalta el compromiso de la Gobernaci\u00f3n del Valle del Cauca por avanzar en la construcci\u00f3n de pol\u00edticas p\u00fablicas concretas que protejan a las mujeres y promuevan su desarrollo pleno en el \u00e1mbito laboral.<\/p>\n","protected":false},"excerpt":{"rendered":"<p>La Gobernaci\u00f3n del Valle del Cauca, liderada por Dilian Francisca Toro, reafirm\u00f3 su compromiso con la protecci\u00f3n de los derechos de las mujeres y la generaci\u00f3n de entornos laborales dignos mediante la implementaci\u00f3n de un protocolo espec\u00edfico contra la violencia de g\u00e9nero. El anuncio se realiz\u00f3 durante el Consejo de Pol\u00edtica Social.<\/p>\n","protected":false},"author":1,"featured_media":7049,"comment_status":"open","ping_status":"open","sticky":false,"template":"","format":"standard","meta":{"footnotes":""},"categories":[7,49,2,5,9,3],"tags":[8778,8779,29,8780,8775,8774,8781,8776,8773,8777],"class_list":["post-7050","post","type-post","status-publish","format-standard","has-post-thumbnail","hentry","category-actualidad","category-colombia","category-judicial","category-noticias-del-valle","category-politica","category-social","tag-consejo-politica-social","tag-derechos-mujeres-valle","tag-dilian-francisca-toro","tag-entornos-laborales-seguros","tag-equidad-de-genero-valle","tag-gobernacion-valle-del-cauca","tag-politica-genero-toro","tag-prevencion-violencia-laboral","tag-protocolo-violencia-genero-valle","tag-secretaria-mujer-valle"],"_links":{"self":[{"href":"https:\/\/elpirobo.com\/index.php?rest_route=\/wp\/v2\/posts\/7050","targetHints":{"allow":["GET"]}}],"collection":[{"href":"https:\/\/elpirobo.com\/index.php?rest_route=\/wp\/v2\/posts"}],"about":[{"href":"https:\/\/elpirobo.com\/index.php?rest_route=\/wp\/v2\/types\/post"}],"author":[{"embeddable":true,"href":"https:\/\/elpirobo.com\/index.php?rest_route=\/wp\/v2\/users\/1"}],"replies":[{"embeddable":true,"href":"https:\/\/elpirobo.com\/index.php?rest_route=%2Fwp%2Fv2%2Fcomments&post=7050"}],"version-history":[{"count":1,"href":"https:\/\/elpirobo.com\/index.php?rest_route=\/wp\/v2\/posts\/7050\/revisions"}],"predecessor-version":[{"id":7051,"href":"https:\/\/elpirobo.com\/index.php?rest_route=\/wp\/v2\/posts\/7050\/revisions\/7051"}],"wp:featuredmedia":[{"embeddable":true,"href":"https:\/\/elpirobo.com\/index.php?rest_route=\/wp\/v2\/media\/7049"}],"wp:attachment":[{"href":"https:\/\/elpirobo.com\/index.php?rest_route=%2Fwp%2Fv2%2Fmedia&parent=7050"}],"wp:term":[{"taxonomy":"category","embeddable":true,"href":"https:\/\/elpirobo.com\/index.php?rest_route=%2Fwp%2Fv2%2Fcategories&post=7050"},{"taxonomy":"post_tag","embeddable":true,"href":"https:\/\/elpirobo.com\/index.php?rest_route=%2Fwp%2Fv2%2Ftags&post=7050"}],"curies":[{"name":"wp","href":"https:\/\/api.w.org\/{rel}","templated":true}]}}