{"id":7046,"date":"2026-04-27T00:05:03","date_gmt":"2026-04-27T05:05:03","guid":{"rendered":"https:\/\/elpirobo.com\/?p=7046"},"modified":"2026-04-28T08:48:09","modified_gmt":"2026-04-28T13:48:09","slug":"petro-nombro-a-daniel-quintero-como-superintendente-de-salud-pese-a-sus-lios-judiciales-y-falta-de-experiencia-en-el-sector","status":"publish","type":"post","link":"https:\/\/elpirobo.com\/?p=7046","title":{"rendered":"Petro nombr\u00f3 a Daniel Quintero como superintendente de Salud pese a sus l\u00edos judiciales y falta de experiencia en el sector"},"content":{"rendered":"\n<h2 class=\"wp-block-heading\"><strong>El presidente Gustavo Petro firm\u00f3 el viernes el decreto que oficializ\u00f3 el nombramiento de Daniel Quintero como nuevo superintendente nacional de Salud. El exalcalde de Medell\u00edn, cuestionado por su gesti\u00f3n y con investigaciones abiertas, asumi\u00f3 el cargo encargado de vigilar los recursos de la salud de millones de colombianos, en medio de una ola de cr\u00edticas de expertos, gremios y hasta voces dentro del propio Gobierno.<\/strong><\/h2>\n\n\n\n<p>El presidente Gustavo Petro oficializ\u00f3 el pasado viernes el nombramiento de Daniel Quintero como superintendente nacional de Salud mediante un decreto firmado junto al ministro de Salud, Guillermo Jaramillo. La decisi\u00f3n se tom\u00f3 pese a las m\u00faltiples cr\u00edticas de expertos, gremios m\u00e9dicos y sectores pol\u00edticos que cuestionaron tanto la falta de experiencia del exalcalde de Medell\u00edn en el sector salud como los procesos judiciales que a\u00fan enfrenta.<\/p>\n\n\n\n<p>Quintero, cuya trayectoria se ha centrado principalmente en tecnolog\u00eda, innovaci\u00f3n y actividad pol\u00edtica, reemplaz\u00f3 a Bernardo Armando Camacho en la entidad responsable de vigilar, controlar y sancionar a las EPS, IPS y dem\u00e1s actores del sistema de salud. Su llegada ocurri\u00f3 faltando solo cuatro meses para el final del actual gobierno y en un momento cr\u00edtico para el sector, marcado por intervenciones a varias aseguradoras y fuertes se\u00f1ales de fatiga financiera.<\/p>\n\n\n\n<p>Desde que la Presidencia public\u00f3 su hoja de vida en el portal de aspirantes a cargos p\u00fablicos, el nombramiento gener\u00f3 una fuerte controversia. El diputado de Antioquia, Luis Pel\u00e1ez, anunci\u00f3 que demandar\u00e1 la designaci\u00f3n y asegur\u00f3 que ya ten\u00eda lista la acci\u00f3n desde que circularon los primeros rumores. \u00abSabemos tambi\u00e9n para qu\u00e9 lo hacen\u00bb, afirm\u00f3 Pel\u00e1ez.<\/p>\n\n\n\n<p>Incluso dentro del propio Gobierno hubo voces cr\u00edticas. Carlos Carrillo, director de la UNGRD, calific\u00f3 el nombramiento como un \u00abyerro enorme\u00bb y se\u00f1al\u00f3 a Quintero como \u00abun hamp\u00f3n que se rob\u00f3 a Medell\u00edn\u00bb. La congresista Jennifer Pedraza tambi\u00e9n cuestion\u00f3 la falta de idoneidad t\u00e9cnica del nuevo superintendente y advirti\u00f3 que se trata de \u00abuna afrenta a los pacientes\u00bb.<\/p>\n\n\n\n<p>Desde Antioquia, el alcalde de Medell\u00edn, Federico Guti\u00e9rrez, fue tajante: \u00abPondr\u00e1 de Supersalud a quien se rob\u00f3 a Medell\u00edn. Seguramente la tarea es terminar de robarse lo que queda del sistema de salud\u00bb. El gobernador Andr\u00e9s Juli\u00e1n Rend\u00f3n, por su parte, anticip\u00f3 que Quintero usar\u00e1 el cargo para \u00abensa\u00f1arse\u00bb contra las instituciones antioque\u00f1as.<\/p>\n\n\n\n<p>Los cuestionamientos se centran en dos puntos principales: la nula experiencia de Quintero en regulaci\u00f3n sanitaria, control de EPS o manejo de intervenciones, y los procesos penales que enfrenta, entre ellos uno por presuntos delitos de peculado por apropiaci\u00f3n y prevaricato en el caso Aguas Vivas. Adem\u00e1s, pesa sobre \u00e9l una sanci\u00f3n disciplinaria de la Procuradur\u00eda que incluye inhabilidad para ejercer funciones p\u00fablicas.<\/p>\n\n\n\n<p>El nombramiento se produce en un contexto de alta sensibilidad para el sistema de salud, con varias EPS intervenidas y una superintendencia que maneja un presupuesto superior a los 562.000 millones de pesos para 2026. Los cr\u00edticos consideran que colocar a una persona con este perfil en un cargo de tanta responsabilidad representa un riesgo para la moralidad administrativa y la adecuada prestaci\u00f3n de servicios a los colombianos.<\/p>\n\n\n\n<p>Hasta el momento, ni el presidente Petro ni el ministro Jaramillo han dado explicaciones p\u00fablicas sobre los motivos que llevaron a elegir a Quintero pese a todas las objeciones.<\/p>\n","protected":false},"excerpt":{"rendered":"<p>A pesar de las fuertes cr\u00edticas por su falta de experiencia en salud y los procesos judiciales que enfrenta, Daniel Quintero fue designado superintendente de Salud por el gobierno de Gustavo Petro. El nombramiento gener\u00f3 rechazo inmediato de sectores pol\u00edticos, congresistas y autoridades regionales, que advirtieron sobre los riesgos de colocar a un funcionario con un historial tan controvertido en un cargo clave para la vigilancia del sistema de salud.<\/p>\n","protected":false},"author":1,"featured_media":7045,"comment_status":"open","ping_status":"open","sticky":false,"template":"","format":"standard","meta":{"footnotes":""},"categories":[7,49,2,5,9,3],"tags":[4563,8772,8769,8608,8770,8771,3257,8609,8768,8662],"class_list":["post-7046","post","type-post","status-publish","format-standard","has-post-thumbnail","hentry","category-actualidad","category-colombia","category-judicial","category-noticias-del-valle","category-politica","category-social","tag-andres-julian-rendon","tag-carlos-carrillo-quintero","tag-criticas-nombramiento-quintero","tag-daniel-quintero-supersalud","tag-falta-experiencia-quintero","tag-federico-gutierrez-quintero","tag-jennifer-pedraza","tag-nombramiento-quintero-salud","tag-petro-nombra-quintero","tag-proceso-penal-quintero"],"_links":{"self":[{"href":"https:\/\/elpirobo.com\/index.php?rest_route=\/wp\/v2\/posts\/7046","targetHints":{"allow":["GET"]}}],"collection":[{"href":"https:\/\/elpirobo.com\/index.php?rest_route=\/wp\/v2\/posts"}],"about":[{"href":"https:\/\/elpirobo.com\/index.php?rest_route=\/wp\/v2\/types\/post"}],"author":[{"embeddable":true,"href":"https:\/\/elpirobo.com\/index.php?rest_route=\/wp\/v2\/users\/1"}],"replies":[{"embeddable":true,"href":"https:\/\/elpirobo.com\/index.php?rest_route=%2Fwp%2Fv2%2Fcomments&post=7046"}],"version-history":[{"count":1,"href":"https:\/\/elpirobo.com\/index.php?rest_route=\/wp\/v2\/posts\/7046\/revisions"}],"predecessor-version":[{"id":7047,"href":"https:\/\/elpirobo.com\/index.php?rest_route=\/wp\/v2\/posts\/7046\/revisions\/7047"}],"wp:featuredmedia":[{"embeddable":true,"href":"https:\/\/elpirobo.com\/index.php?rest_route=\/wp\/v2\/media\/7045"}],"wp:attachment":[{"href":"https:\/\/elpirobo.com\/index.php?rest_route=%2Fwp%2Fv2%2Fmedia&parent=7046"}],"wp:term":[{"taxonomy":"category","embeddable":true,"href":"https:\/\/elpirobo.com\/index.php?rest_route=%2Fwp%2Fv2%2Fcategories&post=7046"},{"taxonomy":"post_tag","embeddable":true,"href":"https:\/\/elpirobo.com\/index.php?rest_route=%2Fwp%2Fv2%2Ftags&post=7046"}],"curies":[{"name":"wp","href":"https:\/\/api.w.org\/{rel}","templated":true}]}}