{"id":7040,"date":"2026-04-22T00:32:55","date_gmt":"2026-04-22T05:32:55","guid":{"rendered":"https:\/\/elpirobo.com\/?p=7040"},"modified":"2026-04-28T08:34:53","modified_gmt":"2026-04-28T13:34:53","slug":"abelardo-de-la-espriella-el-candidato-de-los-nunca-armo-su-campana-con-los-politicos-de-siempre","status":"publish","type":"post","link":"https:\/\/elpirobo.com\/?p=7040","title":{"rendered":"Abelardo de la Espriella, el candidato de los \u00abnunca\u00bb, arm\u00f3 su campa\u00f1a con los pol\u00edticos \u00abde siempre\u00bb"},"content":{"rendered":"\n<h2 class=\"wp-block-heading\"><strong>A pesar de presentarse como un outsider independiente que pelea contra el establecimiento, el candidato presidencial Abelardo de la Espriella ha rodeado su campa\u00f1a con congresistas, excongresistas y caciques pol\u00edticos de los partidos tradicionales. El abogado rechaz\u00f3 el apoyo formal de Conservador y La U, pero abri\u00f3 las puertas a figuras de esas y otras colectividades.<\/strong><\/h2>\n\n\n\n<p>Abelardo de la Espriella intent\u00f3 marcar distancia de los partidos tradicionales al rechazar el apoyo formal del Conservador y de La U antes de que estos anunciaran su respaldo a Paloma Valencia. Sin embargo, el candidato presidencial no hizo lo mismo con Cambio Radical y ha terminado rodeando su campa\u00f1a con un importante grupo de pol\u00edticos y exfuncionarios que forman parte de lo que \u00e9l mismo denomina \u00ablos de siempre\u00bb.<\/p>\n\n\n\n<p>Siguiendo el modelo de Nayib Bukele en El Salvador y Javier Milei en Argentina, De la Espriella se presenta como el candidato de los \u00abnunca\u00bb: \u00ablos que nunca hemos vivido de la teta del Estado, los que nunca nos hemos robado un peso, los que nunca nos rendimos ni nos quedamos en la queja\u00bb. No obstante, su estructura de campa\u00f1a incluye figuras con larga trayectoria en los partidos tradicionales.<\/p>\n\n\n\n<p>Uno de los principales soportes es el clan Char, liderado por Fuad Char, uno de los caciques pol\u00edticos m\u00e1s poderosos de la Costa Caribe. Char, quien ha sido senador, embajador y financiador hist\u00f3rico de Cambio Radical, impuls\u00f3 el respaldo de su partido a De la Espriella. El candidato ha elogiado p\u00fablicamente la gesti\u00f3n charista en Barranquilla.<\/p>\n\n\n\n<p>Entre los congresistas y excongresistas que lo acompa\u00f1an destacan:<br>El senador liberal Mauricio G\u00f3mez Am\u00edn, con amplia trayectoria electoral en el Atl\u00e1ntico y cercano al clan Char.<br>Rodrigo Lara Restrepo, exrepresentante y exsenador de Cambio Radical, quien quem\u00f3 su candidatura a la Alcald\u00eda de Bogot\u00e1 en 2023.<br>Alfredo Deluque, senador de La U por La Guajira, quien decidi\u00f3 apartarse del apoyo mayoritario de su partido a Paloma Valencia.<br>La representante Lina Garrido, de Arauca, y el representante Miguel Polo Polo, de las comunidades afro, ambos quemados en su intento de reelecci\u00f3n.<\/p>\n\n\n\n<p>Tambi\u00e9n hacen parte de su c\u00edrculo exrepresentantes como Jaime Felipe Lozada (Conservador, Huila) y Ana Mar\u00eda Rinc\u00f3n (La U), adem\u00e1s del exsenador uribista Ernesto Mac\u00edas, quien ha ayudado en la coordinaci\u00f3n regional.<\/p>\n\n\n\n<p>Esta contradicci\u00f3n entre el discurso anti-establishment y la composici\u00f3n de su equipo ha generado cuestionamientos. Mientras De la Espriella critica a \u00ablos de siempre\u00bb, su campa\u00f1a se nutre de pol\u00edticos con experiencia en el Congreso, gobiernos anteriores y estructuras regionales consolidadas. El abogado ha intentado justificar esta situaci\u00f3n argumentando que se trata de personas individuales y no de apoyos partidistas formales.<\/p>\n\n\n\n<p>Faltando pocas semanas para la primera vuelta presidencial, la estrategia de De la Espriella busca capitalizar el descontento ciudadano con la pol\u00edtica tradicional, pero la presencia de estos nombres tradicionales en su equipo pone en duda hasta qu\u00e9 punto realmente representa una ruptura con el pasado.<\/p>\n","protected":false},"excerpt":{"rendered":"<p>Abelardo de la Espriella se presenta como el candidato de los \u00abnunca\u00bb: nunca vivieron de la teta del Estado, nunca se robaron un peso. Sin embargo, su campa\u00f1a est\u00e1 integrada por un buen n\u00famero de pol\u00edticos tradicionales, excongresistas y caciques regionales de partidos como Cambio Radical, Liberal, La U y Conservador, lo que genera dudas sobre la autenticidad de su discurso anti-establishment.<\/p>\n","protected":false},"author":1,"featured_media":7039,"comment_status":"open","ping_status":"open","sticky":false,"template":"","format":"standard","meta":{"footnotes":""},"categories":[7,49,2,5,9,3,48],"tags":[6702,8761,8756,8758,8762,6002,8759,6406,8757,8760],"class_list":["post-7040","post","type-post","status-publish","format-standard","has-post-thumbnail","hentry","category-actualidad","category-colombia","category-judicial","category-noticias-del-valle","category-politica","category-social","category-transporte","tag-abelardo-de-la-espriella","tag-alfredo-deluque","tag-campana-de-la-espriella","tag-clan-char","tag-discurso-anti-establishment","tag-lina-garrido","tag-mauricio-gomez-amin","tag-miguel-polo-polo","tag-politicos-tradicionales-de-la-espriella","tag-rodrigo-lara-restrepo"],"_links":{"self":[{"href":"https:\/\/elpirobo.com\/index.php?rest_route=\/wp\/v2\/posts\/7040","targetHints":{"allow":["GET"]}}],"collection":[{"href":"https:\/\/elpirobo.com\/index.php?rest_route=\/wp\/v2\/posts"}],"about":[{"href":"https:\/\/elpirobo.com\/index.php?rest_route=\/wp\/v2\/types\/post"}],"author":[{"embeddable":true,"href":"https:\/\/elpirobo.com\/index.php?rest_route=\/wp\/v2\/users\/1"}],"replies":[{"embeddable":true,"href":"https:\/\/elpirobo.com\/index.php?rest_route=%2Fwp%2Fv2%2Fcomments&post=7040"}],"version-history":[{"count":1,"href":"https:\/\/elpirobo.com\/index.php?rest_route=\/wp\/v2\/posts\/7040\/revisions"}],"predecessor-version":[{"id":7041,"href":"https:\/\/elpirobo.com\/index.php?rest_route=\/wp\/v2\/posts\/7040\/revisions\/7041"}],"wp:featuredmedia":[{"embeddable":true,"href":"https:\/\/elpirobo.com\/index.php?rest_route=\/wp\/v2\/media\/7039"}],"wp:attachment":[{"href":"https:\/\/elpirobo.com\/index.php?rest_route=%2Fwp%2Fv2%2Fmedia&parent=7040"}],"wp:term":[{"taxonomy":"category","embeddable":true,"href":"https:\/\/elpirobo.com\/index.php?rest_route=%2Fwp%2Fv2%2Fcategories&post=7040"},{"taxonomy":"post_tag","embeddable":true,"href":"https:\/\/elpirobo.com\/index.php?rest_route=%2Fwp%2Fv2%2Ftags&post=7040"}],"curies":[{"name":"wp","href":"https:\/\/api.w.org\/{rel}","templated":true}]}}