{"id":7028,"date":"2026-04-23T23:48:09","date_gmt":"2026-04-24T04:48:09","guid":{"rendered":"https:\/\/elpirobo.com\/?p=7028"},"modified":"2026-04-28T07:50:18","modified_gmt":"2026-04-28T12:50:18","slug":"procurador-gregorio-eljach-critico-duramente-a-petro-se-la-pasa-todo-el-dia-haciendo-politica","status":"publish","type":"post","link":"https:\/\/elpirobo.com\/?p=7028","title":{"rendered":"Procurador Gregorio Eljach critic\u00f3 duramente a Petro: \u00abSe la pasa todo el d\u00eda haciendo pol\u00edtica\u00bb"},"content":{"rendered":"\n<h2 class=\"wp-block-heading\">Durante su intervenci\u00f3n en el Congreso de Asofondos en Cartagena, el procurador general Gregorio Eljach cuestion\u00f3 la constante participaci\u00f3n pol\u00edtica del presidente Gustavo Petro y reproch\u00f3 al Congreso de la Rep\u00fablica por no actuar con contundencia para frenarla. El procurador afirm\u00f3 que el mandatario \u00abse la pasa todo el d\u00eda haciendo pol\u00edtica\u00bb.<\/h2>\n\n\n\n<p>El procurador general de la Naci\u00f3n, Gregorio Eljach, lanz\u00f3 una fuerte cr\u00edtica contra el presidente Gustavo Petro durante su participaci\u00f3n en el Congreso de Asofondos que se realiz\u00f3 en Cartagena. El jefe del Ministerio P\u00fablico afirm\u00f3 sin rodeos que el mandatario \u00abse la pasa todo el d\u00eda haciendo pol\u00edtica\u00bb, cuestionando su dedicaci\u00f3n al ejercicio del cargo y su constante intervenci\u00f3n en asuntos electorales y partidistas.<\/p>\n\n\n\n<p>Eljach plante\u00f3 sus observaciones en medio de un panel sobre independencia institucional y defensa de la democracia. Ante las reiteradas solicitudes ciudadanas de acciones disciplinarias contra el presidente, el procurador explic\u00f3 que cualquier investigaci\u00f3n de ese tipo solo puede ser adelantada por la Comisi\u00f3n de Investigaci\u00f3n de la C\u00e1mara de Representantes y no por la Procuradur\u00eda.<\/p>\n\n\n\n<p>\u00ab\u00bfPor qu\u00e9 no convocan a control pol\u00edtico?\u00bb, pregunt\u00f3 directamente, invitando a que las cr\u00edticas ciudadanas tambi\u00e9n se dirijan al Congreso de la Rep\u00fablica por su falta de acci\u00f3n. Sus palabras elevaron el tono del debate y generaron nuevas discusiones sobre los l\u00edmites entre la actividad pol\u00edtica presidencial y posibles faltas disciplinarias.<\/p>\n\n\n\n<p>No es la primera vez que Eljach confronta al presidente. Hace algunas semanas, tras las insistentes declaraciones de Petro sobre supuesto fraude electoral, el procurador ya hab\u00eda marcado distancia. Inicialmente con mesura, luego subi\u00f3 el tono y lleg\u00f3 a cuestionar p\u00fablicamente el comportamiento del mandatario, incluso refiri\u00e9ndose a su \u00abestado mental\u00bb en un momento de tensi\u00f3n.<\/p>\n\n\n\n<p>El procurador, quien fue ternado por el propio Petro ante el Senado, ha insistido en que nadie, \u00abpor m\u00e1s presidente que sea\u00bb, puede jugar con la honra de los funcionarios ni de las instituciones. Sus declaraciones reflejan la creciente tensi\u00f3n entre el Ministerio P\u00fablico y la Casa de Nari\u00f1o, en un contexto donde el presidente ha sido se\u00f1alado en m\u00faltiples ocasiones por usar su investidura para fines pol\u00edticos y electorales.<\/p>\n\n\n\n<p>Mientras el procurador Eljach llam\u00f3 al Congreso a cumplir su rol constitucional de control, el pa\u00eds observa con atenci\u00f3n c\u00f3mo el Ejecutivo contin\u00faa interviniendo activamente en el debate pol\u00edtico, incluso a pocos meses de las elecciones presidenciales. Las palabras del jefe del Ministerio P\u00fablico dejaron en evidencia la percepci\u00f3n de muchos sectores sobre el estilo de gobierno de Petro: un presidente que prioriza la confrontaci\u00f3n y la actividad pol\u00edtica por encima de la gesti\u00f3n administrativa.<\/p>\n","protected":false},"excerpt":{"rendered":"<p>El procurador general de la Naci\u00f3n, Gregorio Eljach, volvi\u00f3 a criticar abiertamente al presidente Gustavo Petro por utilizar su cargo para hacer pol\u00edtica permanente. En un evento en Cartagena, Eljach se\u00f1al\u00f3 que el Legislativo no ha cumplido su rol de control y record\u00f3 que cualquier investigaci\u00f3n disciplinaria contra el jefe de Estado corresponde exclusivamente a la Comisi\u00f3n de Investigaci\u00f3n de la C\u00e1mara.<\/p>\n","protected":false},"author":1,"featured_media":7027,"comment_status":"open","ping_status":"open","sticky":false,"template":"","format":"standard","meta":{"footnotes":""},"categories":[7,49,2,5,9,3],"tags":[8732,8731,8728,8733,2936,8730,8727,8726,8729,8734],"class_list":["post-7028","post","type-post","status-publish","format-standard","has-post-thumbnail","hentry","category-actualidad","category-colombia","category-judicial","category-noticias-del-valle","category-politica","category-social","tag-asofondos-cartagena","tag-congreso-vs-petro","tag-control-politico-congreso","tag-critica-procurador-presidente","tag-gregorio-eljach","tag-independencia-institucional-colombia","tag-petro-haciendo-politica","tag-procurador-eljach-petro","tag-procuraduria-petro","tag-tension-eljach-petro"],"_links":{"self":[{"href":"https:\/\/elpirobo.com\/index.php?rest_route=\/wp\/v2\/posts\/7028","targetHints":{"allow":["GET"]}}],"collection":[{"href":"https:\/\/elpirobo.com\/index.php?rest_route=\/wp\/v2\/posts"}],"about":[{"href":"https:\/\/elpirobo.com\/index.php?rest_route=\/wp\/v2\/types\/post"}],"author":[{"embeddable":true,"href":"https:\/\/elpirobo.com\/index.php?rest_route=\/wp\/v2\/users\/1"}],"replies":[{"embeddable":true,"href":"https:\/\/elpirobo.com\/index.php?rest_route=%2Fwp%2Fv2%2Fcomments&post=7028"}],"version-history":[{"count":1,"href":"https:\/\/elpirobo.com\/index.php?rest_route=\/wp\/v2\/posts\/7028\/revisions"}],"predecessor-version":[{"id":7029,"href":"https:\/\/elpirobo.com\/index.php?rest_route=\/wp\/v2\/posts\/7028\/revisions\/7029"}],"wp:featuredmedia":[{"embeddable":true,"href":"https:\/\/elpirobo.com\/index.php?rest_route=\/wp\/v2\/media\/7027"}],"wp:attachment":[{"href":"https:\/\/elpirobo.com\/index.php?rest_route=%2Fwp%2Fv2%2Fmedia&parent=7028"}],"wp:term":[{"taxonomy":"category","embeddable":true,"href":"https:\/\/elpirobo.com\/index.php?rest_route=%2Fwp%2Fv2%2Fcategories&post=7028"},{"taxonomy":"post_tag","embeddable":true,"href":"https:\/\/elpirobo.com\/index.php?rest_route=%2Fwp%2Fv2%2Ftags&post=7028"}],"curies":[{"name":"wp","href":"https:\/\/api.w.org\/{rel}","templated":true}]}}