{"id":7025,"date":"2026-04-23T23:41:17","date_gmt":"2026-04-24T04:41:17","guid":{"rendered":"https:\/\/elpirobo.com\/?p=7025"},"modified":"2026-04-28T07:42:07","modified_gmt":"2026-04-28T12:42:07","slug":"que-amane-el-debate-todo-lo-que-quiera-paloma-valencia-respondio-con-contundencia-a-las-condiciones-impuestas-por-ivan-cepeda","status":"publish","type":"post","link":"https:\/\/elpirobo.com\/?p=7025","title":{"rendered":"\u00abQue ama\u00f1e el debate todo lo que quiera\u00bb: Paloma Valencia respondi\u00f3 con contundencia a las condiciones impuestas por Iv\u00e1n Cepeda"},"content":{"rendered":"\n<h2 class=\"wp-block-heading\"><strong>La candidata presidencial Paloma Valencia, acept\u00f3 cualquier formato de debate propuesto por Iv\u00e1n Cepeda y lo ret\u00f3 a confrontar ideas de inmediato. Valencia acus\u00f3 directamente al candidato del petrismo de ser responsable de la violencia que vive el pa\u00eds por haber impulsado la \u00abPaz Total\u00bb.<\/strong><\/h2>\n\n\n\n<p>La candidata presidencial Paloma Valencia, respondi\u00f3 con firmeza a las condiciones que impuso Iv\u00e1n Cepeda para participar en un debate p\u00fablico. Desde Cartagena, la senadora dej\u00f3 claro que est\u00e1 dispuesta a debatir sin importar el formato que el candidato del petrismo proponga.<\/p>\n\n\n\n<p>\u00abQue ama\u00f1e el debate todo lo que quiera, se lo acepto incluso ama\u00f1ado\u00bb, afirm\u00f3 Valencia. La aspirante agreg\u00f3 que el pa\u00eds necesita ver la diferencia entre Cepeda y el presidente Gustavo Petro, y lo se\u00f1al\u00f3 directamente como responsable de la violencia actual. \u00abEl pa\u00eds tiene que ver que Cepeda no es el presidente Gustavo Petro; Cepeda es el responsable de toda la violencia que estamos viviendo porque fue \u00e9l quien cre\u00f3 la Paz Total. Debatamos ya. El pa\u00eds est\u00e1 mirando\u00bb, declar\u00f3.<\/p>\n\n\n\n<p>Estas declaraciones llegaron apenas 24 horas despu\u00e9s de que Cepeda, desde la Plaza de Bol\u00edvar de Pereira, fijara una posici\u00f3n tajante sobre los debates. El candidato de la izquierda acept\u00f3 debatir, pero con condiciones de \u00abjuego limpio\u00bb y rechaz\u00f3 someterse a lo que llam\u00f3 \u00abcultura del espect\u00e1culo\u00bb. \u00abHe dicho que reto al debate a los candidatos de la extrema derecha, pero que se olviden, no me voy a someter a cualquier clase de condiciones. Y mucho menos me prestar\u00e9 al intento de someter la dignidad del Pacto Hist\u00f3rico a la cultura del espect\u00e1culo. No soy de los que se venden por un micr\u00f3fono, una c\u00e1mara o una portada de revista\u00bb, asegur\u00f3 Cepeda.<\/p>\n\n\n\n<p>El candidato del petrismo tambi\u00e9n dej\u00f3 claro que solo aceptar\u00eda debatir con quienes considera de \u00abextrema derecha\u00bb, es decir, Abelardo de la Espriella y Paloma Valencia, dejando por fuera a los aspirantes de centro como Sergio Fajardo y Claudia L\u00f3pez.<\/p>\n\n\n\n<p>Precisamente Fajardo y L\u00f3pez recriminaron esa exclusi\u00f3n. Fajardo afirm\u00f3 que \u00abColombia no necesita silencios c\u00f3modos, necesita debate de frente\u00bb y pregunt\u00f3 si el llamado de Cepeda tambi\u00e9n inclu\u00eda a quienes no representan la polarizaci\u00f3n Petro-Uribe. Por su parte, Claudia L\u00f3pez anunci\u00f3 que solicitar\u00e1 formalmente la realizaci\u00f3n de tres debates televisados de una hora para garantizar profundidad tem\u00e1tica y la participaci\u00f3n de todos los candidatos.<\/p>\n\n\n\n<p>A pocas semanas de la primera vuelta presidencial, la polarizaci\u00f3n entre los punteros de las encuestas sigue creciendo y los debates entre Iv\u00e1n Cepeda, Abelardo de la Espriella y Paloma Valencia a\u00fan no se han concretado. Valencia, con su respuesta, busc\u00f3 poner presi\u00f3n para que el encuentro se realice cuanto antes y dejar en evidencia que ella no le teme a la confrontaci\u00f3n de ideas.<\/p>\n","protected":false},"excerpt":{"rendered":"<p>Paloma Valencia respondi\u00f3 de manera directa a las condiciones que Iv\u00e1n Cepeda puso para debatir y lo desafi\u00f3 a un encuentro p\u00fablico sin excusas. La senadora asegur\u00f3 que est\u00e1 lista para confrontar ideas, incluso si el formato es<br \/>\n\u00abama\u00f1ado\u00bb, y se\u00f1al\u00f3 que Cepeda debe asumir la responsabilidad por los resultados de la \u00abPaz Total\u00bb que \u00e9l mismo dise\u00f1\u00f3.<\/p>\n","protected":false},"author":1,"featured_media":7024,"comment_status":"open","ping_status":"open","sticky":false,"template":"","format":"standard","meta":{"footnotes":""},"categories":[7,49,2,5,9,3],"tags":[6702,8724,8720,8725,6696,8719,8718,8721,8722,8723],"class_list":["post-7025","post","type-post","status-publish","format-standard","has-post-thumbnail","hentry","category-actualidad","category-colombia","category-judicial","category-noticias-del-valle","category-politica","category-social","tag-abelardo-de-la-espriella","tag-claudia-lopez-debates","tag-condiciones-debate-cepeda","tag-confrontacion-ideas-valencia","tag-elecciones-2026-colombia","tag-ivan-cepeda-debate","tag-paloma-valencia-debate","tag-paz-total-responsabilidad","tag-polarizacion-electoral-colombia","tag-sergio-fajardo-debate"],"_links":{"self":[{"href":"https:\/\/elpirobo.com\/index.php?rest_route=\/wp\/v2\/posts\/7025","targetHints":{"allow":["GET"]}}],"collection":[{"href":"https:\/\/elpirobo.com\/index.php?rest_route=\/wp\/v2\/posts"}],"about":[{"href":"https:\/\/elpirobo.com\/index.php?rest_route=\/wp\/v2\/types\/post"}],"author":[{"embeddable":true,"href":"https:\/\/elpirobo.com\/index.php?rest_route=\/wp\/v2\/users\/1"}],"replies":[{"embeddable":true,"href":"https:\/\/elpirobo.com\/index.php?rest_route=%2Fwp%2Fv2%2Fcomments&post=7025"}],"version-history":[{"count":1,"href":"https:\/\/elpirobo.com\/index.php?rest_route=\/wp\/v2\/posts\/7025\/revisions"}],"predecessor-version":[{"id":7026,"href":"https:\/\/elpirobo.com\/index.php?rest_route=\/wp\/v2\/posts\/7025\/revisions\/7026"}],"wp:featuredmedia":[{"embeddable":true,"href":"https:\/\/elpirobo.com\/index.php?rest_route=\/wp\/v2\/media\/7024"}],"wp:attachment":[{"href":"https:\/\/elpirobo.com\/index.php?rest_route=%2Fwp%2Fv2%2Fmedia&parent=7025"}],"wp:term":[{"taxonomy":"category","embeddable":true,"href":"https:\/\/elpirobo.com\/index.php?rest_route=%2Fwp%2Fv2%2Fcategories&post=7025"},{"taxonomy":"post_tag","embeddable":true,"href":"https:\/\/elpirobo.com\/index.php?rest_route=%2Fwp%2Fv2%2Ftags&post=7025"}],"curies":[{"name":"wp","href":"https:\/\/api.w.org\/{rel}","templated":true}]}}