{"id":7019,"date":"2026-04-24T23:59:33","date_gmt":"2026-04-25T04:59:33","guid":{"rendered":"https:\/\/elpirobo.com\/?p=7019"},"modified":"2026-04-28T07:16:19","modified_gmt":"2026-04-28T12:16:19","slug":"no-hay-espacio-para-el-terrorismo-ola-de-rechazo-tras-doble-atentado-en-palmira-y-cali-contra-batallones-militares","status":"publish","type":"post","link":"https:\/\/elpirobo.com\/?p=7019","title":{"rendered":"\u201cNo hay espacio para el terrorismo\u201d: Ola de rechazo tras doble atentado en Palmira y Cali contra batallones militares"},"content":{"rendered":"\n<p>El Valle del Cauca vivi\u00f3 una noche de terror el viernes 24 de abril. En menos de 24 horas se registraron dos ataques con explosivos contra instalaciones militares: uno en el batall\u00f3n Agust\u00edn Codazzi de Palmira y otro en el batall\u00f3n Pichincha de Cali. Aunque las autoridades confirmaron que no hubo v\u00edctimas mortales, los atentados dejaron dos heridos y generaron una ola de rechazo en todo el departamento.<\/p>\n\n\n\n<h2 class=\"wp-block-heading\"><strong>En menos de 24 horas se registraron dos ataques terroristas en el Valle del Cauca: uno contra el batall\u00f3n Pichincha en Cali y otro contra el batall\u00f3n Agust\u00edn Codazzi en Palmira. La gobernadora Dilian Francisca Toro y diversos l\u00edderes pol\u00edticos condenaron los hechos como \u00abactos terroristas inaceptables\u00bb y exigieron mayor contundencia al gobierno nacional.<\/strong><\/h2>\n\n\n\n<p>El Valle del Cauca vivi\u00f3 una noche de terror el viernes 24 de abril. En menos de 24 horas se registraron dos ataques con explosivos contra instalaciones militares: el primero en el batall\u00f3n Pichincha de Cali, donde una buseta escolar cargada con un cilindro estall\u00f3, y el segundo cerca de las 9:30 de la noche en el batall\u00f3n Agust\u00edn Codazzi de Palmira. Seg\u00fan el Ej\u00e9rcito, este \u00faltimo atentado fue perpetrado por la estructura Jaime Mart\u00ednez de las disidencias de las FARC y dej\u00f3 da\u00f1os materiales y dos heridos, sin reportes de fallecidos.<\/p>\n\n\n\n<p>La gobernadora del Valle del Cauca, Dilian Francisca Toro, fue la primera en condenar los hechos. \u00abLos atentados de hoy en Cali y en Palmira son actos terroristas inaceptables que confirman que el Valle est\u00e1 enfrentando una escalada de violencia que no da espera\u00bb, afirm\u00f3. Dilian Francisca anunci\u00f3 que este s\u00e1bado 25 de abril citar\u00eda un Consejo de Seguridad con Gustavo Petro, el ministro de Defensa Pedro S\u00e1nchez, el alcalde de Cali Alejandro Eder y la c\u00fapula de la Fuerza P\u00fablica. \u00abLa seguridad de los vallecaucanos no puede seguir dependiendo de esfuerzos aislados desde las regiones\u00bb, se\u00f1al\u00f3.<\/p>\n\n\n\n<p>Otros l\u00edderes pol\u00edticos tambi\u00e9n expresaron su rechazo. Los candidatos presidenciales Paloma Valencia, Abelardo de la Espriella y Sergio Fajardo condenaron la violencia. De la Espriella fue directo al responsabilizar al gobierno: \u00abPetro, \u00bfa qu\u00e9 juegas? \u00bfA aterrorizar a los vallecaucanos? Todo esto es tu culpa: entregaste al pa\u00eds y al suroccidente a los bandidos\u00bb. Valencia, por su parte, asegur\u00f3 que si llega a la Presidencia \u00abdevolverle la seguridad a Colombia ser\u00e1 mi prioridad\u00bb.<\/p>\n\n\n\n<p>Desde la Fuerza P\u00fablica, el director de la Polic\u00eda Nacional, general William Oswaldo Rinc\u00f3n, rechaz\u00f3 los atentados, envi\u00f3 un mensaje de solidaridad al Ej\u00e9rcito y orden\u00f3 investigar los hechos de manera coordinada. El ministro de Defensa, Pedro S\u00e1nchez, indic\u00f3 que el objetivo es desmantelar la estructura de alias \u2018Marlon\u2019, de las disidencias de Iv\u00e1n Mordisco, responsable de la ola de violencia en el suroccidente.<\/p>\n\n\n\n<p>Hasta el momento, el presidente Gustavo Petro no se ha pronunciado p\u00fablicamente sobre los ataques.<\/p>\n\n\n\n<p>Los hechos generaron un fuerte rechazo un\u00e1nime y pusieron en evidencia la preocupaci\u00f3n por el aumento de la violencia en el departamento. L\u00edderes pol\u00edticos y autoridades coincidieron en exigir mayor articulaci\u00f3n y contundencia en materia de seguridad para enfrentar la escalada terrorista que afecta al Valle del Cauca.<\/p>\n","protected":false},"excerpt":{"rendered":"<p>El Valle del Cauca fue escenario de dos atentados terroristas en una misma noche. La gobernadora Dilian Francisca Toro anunci\u00f3 un Consejo de Seguridad Urgente. Candidatos como Paloma Valencia, Abelardo de la Espriella y Sergio Fajardo responsabilizaron a la \u00abpaz total\u00bb del gobierno por el fortalecimiento de los grupos terroristas<\/p>\n","protected":false},"author":1,"featured_media":7018,"comment_status":"open","ping_status":"open","sticky":false,"template":"","format":"standard","meta":{"footnotes":""},"categories":[7,49,2,5,9,3],"tags":[6702,8706,8707,8708,29,8692,8710,4591,8709,8689],"class_list":["post-7019","post","type-post","status-publish","format-standard","has-post-thumbnail","hentry","category-actualidad","category-colombia","category-judicial","category-noticias-del-valle","category-politica","category-social","tag-abelardo-de-la-espriella","tag-atentado-palmira","tag-batallon-codazzi","tag-batallon-pichincha","tag-dilian-francisca-toro","tag-disidencias-farc-valle","tag-escalada-terrorista-colombia","tag-paloma-valencia","tag-paz-total-violencia","tag-terrorismo-valle-del-cauca"],"_links":{"self":[{"href":"https:\/\/elpirobo.com\/index.php?rest_route=\/wp\/v2\/posts\/7019","targetHints":{"allow":["GET"]}}],"collection":[{"href":"https:\/\/elpirobo.com\/index.php?rest_route=\/wp\/v2\/posts"}],"about":[{"href":"https:\/\/elpirobo.com\/index.php?rest_route=\/wp\/v2\/types\/post"}],"author":[{"embeddable":true,"href":"https:\/\/elpirobo.com\/index.php?rest_route=\/wp\/v2\/users\/1"}],"replies":[{"embeddable":true,"href":"https:\/\/elpirobo.com\/index.php?rest_route=%2Fwp%2Fv2%2Fcomments&post=7019"}],"version-history":[{"count":1,"href":"https:\/\/elpirobo.com\/index.php?rest_route=\/wp\/v2\/posts\/7019\/revisions"}],"predecessor-version":[{"id":7020,"href":"https:\/\/elpirobo.com\/index.php?rest_route=\/wp\/v2\/posts\/7019\/revisions\/7020"}],"wp:featuredmedia":[{"embeddable":true,"href":"https:\/\/elpirobo.com\/index.php?rest_route=\/wp\/v2\/media\/7018"}],"wp:attachment":[{"href":"https:\/\/elpirobo.com\/index.php?rest_route=%2Fwp%2Fv2%2Fmedia&parent=7019"}],"wp:term":[{"taxonomy":"category","embeddable":true,"href":"https:\/\/elpirobo.com\/index.php?rest_route=%2Fwp%2Fv2%2Fcategories&post=7019"},{"taxonomy":"post_tag","embeddable":true,"href":"https:\/\/elpirobo.com\/index.php?rest_route=%2Fwp%2Fv2%2Ftags&post=7019"}],"curies":[{"name":"wp","href":"https:\/\/api.w.org\/{rel}","templated":true}]}}