{"id":7016,"date":"2026-04-24T22:55:44","date_gmt":"2026-04-25T03:55:44","guid":{"rendered":"https:\/\/elpirobo.com\/?p=7016"},"modified":"2026-04-28T06:58:15","modified_gmt":"2026-04-28T11:58:15","slug":"dilian-francisca-toro-defendio-con-cifras-los-avances-del-valle-del-cauca-y-desmonto-el-intento-del-petrismo-de-apropiarse-de-los-logros-regionales","status":"publish","type":"post","link":"https:\/\/elpirobo.com\/?p=7016","title":{"rendered":"Dilian Francisca Toro defendi\u00f3 con cifras los avances del Valle del Cauca y desmont\u00f3 el intento del petrismo de apropiarse de los logros regionales"},"content":{"rendered":"\n<h2 class=\"wp-block-heading\"><strong>La gobernadora del Valle del Cauca, Dilian Francisca Toro, respondi\u00f3 con datos duros a los cuestionamientos del senador electo Kevin G\u00f3mez Paz, quien intent\u00f3 atribuir los avances del departamento exclusivamente a la gesti\u00f3n del presidente Gustavo Petro. Toro record\u00f3 que la reducci\u00f3n de la pobreza multidimensional comenz\u00f3 mucho antes del actual gobierno central y exigi\u00f3 que se reconozcan los esfuerzos de las regiones.<\/strong><\/h2>\n\n\n\n<p>La gobernadora del Valle del Cauca, Dilian Francisca Toro, defendi\u00f3 con cifras concretas los avances alcanzados por el departamento durante sus dos per\u00edodos de gobierno y rechaz\u00f3 de manera directa el intento fallido de un senador electo del petrismo de atribuir esos logros al gobierno Petro.<\/p>\n\n\n\n<p>Durante el encuentro \u00abLas regiones proponentes\u00bb, organizado por la Federaci\u00f3n Nacional de Departamentos, Toro respondi\u00f3 a los cuestionamientos del senador Kevin G\u00f3mez Paz, quien busc\u00f3 presentar los indicadores positivos del Valle como resultado de la gesti\u00f3n nacional. La mandataria fue clara y contundente: los avances del departamento no comenzaron en 2022, sino mucho antes.<\/p>\n\n\n\n<p>Seg\u00fan los datos expuestos por la gobernadora, la pobreza multidimensional en el Valle del Cauca baj\u00f3 del 15,9% en 2016 al 4,9% en la actualidad. \u00abQue yo sepa, el gobierno Petro viene desde el 22, no desde el 2016\u00bb, expres\u00f3 Dilian Francisca con firmeza, dejando en evidencia que la mejora sostenida de los indicadores sociales y econ\u00f3micos del departamento se debe principalmente al trabajo regional y no a las pol\u00edticas centrales del actual gobierno.<\/p>\n\n\n\n<p>La gobernadora aprovech\u00f3 el espacio para hacer un llamado al reconocimiento mutuo entre el Gobierno Nacional y las regiones. \u00abAs\u00ed como nosotros reconocemos, tambi\u00e9n se hagan reconocimientos para que podamos trabajar en paz\u00bb, se\u00f1al\u00f3. Dilian Francisca insisti\u00f3 en que para avanzar en armon\u00eda es necesario valorar los esfuerzos que realizan las gobernaciones y alcald\u00edas, sin que el poder central intente apropiarse de los resultados obtenidos en los territorios.<\/p>\n\n\n\n<p>La mandataria tambi\u00e9n record\u00f3 que su gesti\u00f3n no se limita a trabajar \u00fanicamente con los gremios econ\u00f3micos, sino que mantiene un contacto permanente con las juntas de acci\u00f3n comunal y los l\u00edderes de cada municipio. \u00abTodos pensamos diferente, pero como todos pensamos distinto, pues tenemos que ponernos de acuerdo, porque lo m\u00e1s importante es nuestra regi\u00f3n, nuestra gente\u00bb, afirm\u00f3.<\/p>\n\n\n\n<p>Este posicionamiento de Dilian Francisca Toro refleja la creciente tensi\u00f3n entre las administraciones regionales y el gobierno central, que en m\u00faltiples ocasiones ha intentado capitalizar pol\u00edticamente los logros locales sin reconocer el trabajo previo y sostenido de las autoridades departamentales y municipales. La gobernadora del Valle dej\u00f3 claro que los avances de su departamento no son un regalo del petrismo, sino el resultado de una gesti\u00f3n constante que comenz\u00f3 muchos a\u00f1os antes de que Petro llegara a la Presidencia.<\/p>\n","protected":false},"excerpt":{"rendered":"<p>Dilian Francisca Toro defendi\u00f3 los logros del Valle del Cauca y rechaz\u00f3 que el gobierno nacional se atribuya m\u00e9ritos que no le corresponden. La gobernadora present\u00f3 cifras concretas que demuestran que la tendencia positiva del departamento inici\u00f3 en 2016, mucho antes de la llegada de Petro al poder.<\/p>\n","protected":false},"author":1,"featured_media":7015,"comment_status":"open","ping_status":"open","sticky":false,"template":"","format":"standard","meta":{"footnotes":""},"categories":[7,49,2,5,9,3],"tags":[8705,8697,29,8703,8699,8700,8704,8698,8701,8702],"class_list":["post-7016","post","type-post","status-publish","format-standard","has-post-thumbnail","hentry","category-actualidad","category-colombia","category-judicial","category-noticias-del-valle","category-politica","category-social","tag-autonomia-departamental-colombia","tag-avances-valle-del-cauca","tag-dilian-francisca-toro","tag-gestion-toro-valle","tag-gobierno-petro-apropiacion","tag-kevin-gomez-paz","tag-petrismo-credito-logros","tag-pobreza-multidimensional-valle","tag-reconocimiento-regional","tag-regiones-vs-centralismo"],"_links":{"self":[{"href":"https:\/\/elpirobo.com\/index.php?rest_route=\/wp\/v2\/posts\/7016","targetHints":{"allow":["GET"]}}],"collection":[{"href":"https:\/\/elpirobo.com\/index.php?rest_route=\/wp\/v2\/posts"}],"about":[{"href":"https:\/\/elpirobo.com\/index.php?rest_route=\/wp\/v2\/types\/post"}],"author":[{"embeddable":true,"href":"https:\/\/elpirobo.com\/index.php?rest_route=\/wp\/v2\/users\/1"}],"replies":[{"embeddable":true,"href":"https:\/\/elpirobo.com\/index.php?rest_route=%2Fwp%2Fv2%2Fcomments&post=7016"}],"version-history":[{"count":1,"href":"https:\/\/elpirobo.com\/index.php?rest_route=\/wp\/v2\/posts\/7016\/revisions"}],"predecessor-version":[{"id":7017,"href":"https:\/\/elpirobo.com\/index.php?rest_route=\/wp\/v2\/posts\/7016\/revisions\/7017"}],"wp:featuredmedia":[{"embeddable":true,"href":"https:\/\/elpirobo.com\/index.php?rest_route=\/wp\/v2\/media\/7015"}],"wp:attachment":[{"href":"https:\/\/elpirobo.com\/index.php?rest_route=%2Fwp%2Fv2%2Fmedia&parent=7016"}],"wp:term":[{"taxonomy":"category","embeddable":true,"href":"https:\/\/elpirobo.com\/index.php?rest_route=%2Fwp%2Fv2%2Fcategories&post=7016"},{"taxonomy":"post_tag","embeddable":true,"href":"https:\/\/elpirobo.com\/index.php?rest_route=%2Fwp%2Fv2%2Ftags&post=7016"}],"curies":[{"name":"wp","href":"https:\/\/api.w.org\/{rel}","templated":true}]}}