{"id":7013,"date":"2026-04-25T23:43:11","date_gmt":"2026-04-26T04:43:11","guid":{"rendered":"https:\/\/elpirobo.com\/?p=7013"},"modified":"2026-04-28T06:45:33","modified_gmt":"2026-04-28T11:45:33","slug":"el-valle-bajo-fuego-personero-denuncio-barbarie-y-terrorismo-tras-ataque-con-explosivos-al-batallon-codazzi-y-pichincha","status":"publish","type":"post","link":"https:\/\/elpirobo.com\/?p=7013","title":{"rendered":"El Valle bajo fuego: Personero denunci\u00f3 \u201cbarbarie y terrorismo\u201d tras ataque con explosivos al batall\u00f3n Codazzi y Pichincha"},"content":{"rendered":"\n<h2 class=\"wp-block-heading\"><strong>En una noche de terror, tres cilindros explosivos fueron lanzados contra el batall\u00f3n Codazzi en Palmira y se registr\u00f3 un ataque simult\u00e1neo contra el batall\u00f3n Pichincha en Cali. Aunque no se reportaron v\u00edctimas mortales, el personero de Palmira, William Andrey Espinoza, calific\u00f3 los hechos como actos de \u201ccrueldad, barbarie y terrorismo\u201d que generaron p\u00e1nico entre la poblaci\u00f3n civil del Valle del Cauca.<\/strong><\/h2>\n\n\n\n<p>El departamento del Valle del Cauca volvi\u00f3 a ser escenario de terrorismo guerrillero. Durante la noche del viernes 25 de abril, tres cilindros explosivos fueron lanzados contra las instalaciones del batall\u00f3n Codazzi en Palmira, mientras se registraba un ataque simult\u00e1neo contra el batall\u00f3n Pichincha en Cali. Aunque las autoridades confirmaron que ninguno de los dos atentados dej\u00f3 v\u00edctimas mortales, se reportaron hasta tres heridos en Cali y una situaci\u00f3n de horror y zozobra entre la poblaci\u00f3n civil.<\/p>\n\n\n\n<p>El personero municipal de Palmira, William Andrey Espinoza, no dud\u00f3 en calificar los hechos con dureza. \u00abTres espec\u00edficamente, cilindros que fueron arrojados hacia el batall\u00f3n Codazzi. Uno de ellos solamente explot\u00f3, pero no caus\u00f3, afortunadamente, heridos ni muertos\u00bb, explic\u00f3 a Blu Radio. Sin embargo, el funcionario fue enf\u00e1tico en se\u00f1alar el da\u00f1o emocional causado por la explosi\u00f3n: \u00abEso s\u00ed caus\u00f3 una situaci\u00f3n de horror, de zozobra en la poblaci\u00f3n palmirana\u00bb.<\/p>\n\n\n\n<p>Espinoza vincul\u00f3 directamente los atentados con la escalada violenta que vive el departamento y dej\u00f3 claro que estos hechos no fueron aislados. \u00abSon definitivamente actos crueles, actos de violencia, actos de barbarie, de terrorismo que en este momento afectan a la poblaci\u00f3n vallecaucana\u00bb, afirm\u00f3. El personero mencion\u00f3 que en Palmira operan estructuras ilegales como la Jaime Mart\u00ednez, el frente 2057 y la Dan Izquierdo, grupos que han venido tomando fuerza y control territorial en la regi\u00f3n.<\/p>\n\n\n\n<p>El funcionario tambi\u00e9n fue directo al criticar la respuesta del gobierno nacional. \u00abYo creo que la respuesta es que no hay una contundencia ni hay acciones claras por parte del gobierno nacional\u00bb, se\u00f1al\u00f3. Espinoza exigi\u00f3 decisiones concretas del presidente y del Ejecutivo para fortalecer las capacidades tanto departamentales como municipales y recuperar el control territorial.<\/p>\n\n\n\n<p>Los ataques se producen en medio de una ola de violencia que ha sacudido al suroccidente del pa\u00eds en las \u00faltimas semanas. Las autoridades militares y de polic\u00eda ya adelantan las investigaciones para identificar y capturar a los responsables, pero la poblaci\u00f3n del Valle del Cauca exige medidas m\u00e1s firmes y preventivas que vayan m\u00e1s all\u00e1 de los diagn\u00f3sticos.<\/p>\n\n\n\n<p>Este nuevo episodio de terrorismo en el Valle del Cauca no solo deja en evidencia la vulnerabilidad de las instalaciones militares, sino tambi\u00e9n el clima de inseguridad que viven los habitantes de la regi\u00f3n. Mientras las autoridades locales dan la cara y denuncian la barbarie, el gobierno nacional enfrenta crecientes cuestionamientos por su incapacidad para contener el avance de los grupos armados ilegales que siguen operando con relativa libertad en zonas estrat\u00e9gicas del suroccidente colombiano.<\/p>\n","protected":false},"excerpt":{"rendered":"<p>El Valle del Cauca vivi\u00f3 este viernes una nueva escalada de violencia con ataques simult\u00e1neos contra dos batallones militares. El personero de Palmira denunci\u00f3 que los hechos, atribuidos a estructuras ilegales como la Jaime Mart\u00ednez, el frente 2057 y la adan Izquierdo, no fueron aislados y evidencian la falta de contundencia del gobierno nacional frente al avance de los grupos armados en la regi\u00f3n.<\/p>\n","protected":false},"author":1,"featured_media":7012,"comment_status":"open","ping_status":"open","sticky":false,"template":"","format":"standard","meta":{"footnotes":""},"categories":[7,49,2,5,9,3],"tags":[8687,8688,8693,8692,8694,8695,8690,8689,8696,8691],"class_list":["post-7013","post","type-post","status-publish","format-standard","has-post-thumbnail","hentry","category-actualidad","category-colombia","category-judicial","category-noticias-del-valle","category-politica","category-social","tag-ataque-batallon-codazzi","tag-ataque-batallon-pichincha","tag-barbarie-terrorismo-colombia","tag-disidencias-farc-valle","tag-escalada-guerrillera-cauca","tag-gobierno-petro-seguridad","tag-personero-palmira","tag-terrorismo-valle-del-cauca","tag-violencia-suroccidente-colombia","tag-william-andrey-espinoza"],"_links":{"self":[{"href":"https:\/\/elpirobo.com\/index.php?rest_route=\/wp\/v2\/posts\/7013","targetHints":{"allow":["GET"]}}],"collection":[{"href":"https:\/\/elpirobo.com\/index.php?rest_route=\/wp\/v2\/posts"}],"about":[{"href":"https:\/\/elpirobo.com\/index.php?rest_route=\/wp\/v2\/types\/post"}],"author":[{"embeddable":true,"href":"https:\/\/elpirobo.com\/index.php?rest_route=\/wp\/v2\/users\/1"}],"replies":[{"embeddable":true,"href":"https:\/\/elpirobo.com\/index.php?rest_route=%2Fwp%2Fv2%2Fcomments&post=7013"}],"version-history":[{"count":1,"href":"https:\/\/elpirobo.com\/index.php?rest_route=\/wp\/v2\/posts\/7013\/revisions"}],"predecessor-version":[{"id":7014,"href":"https:\/\/elpirobo.com\/index.php?rest_route=\/wp\/v2\/posts\/7013\/revisions\/7014"}],"wp:featuredmedia":[{"embeddable":true,"href":"https:\/\/elpirobo.com\/index.php?rest_route=\/wp\/v2\/media\/7012"}],"wp:attachment":[{"href":"https:\/\/elpirobo.com\/index.php?rest_route=%2Fwp%2Fv2%2Fmedia&parent=7013"}],"wp:term":[{"taxonomy":"category","embeddable":true,"href":"https:\/\/elpirobo.com\/index.php?rest_route=%2Fwp%2Fv2%2Fcategories&post=7013"},{"taxonomy":"post_tag","embeddable":true,"href":"https:\/\/elpirobo.com\/index.php?rest_route=%2Fwp%2Fv2%2Ftags&post=7013"}],"curies":[{"name":"wp","href":"https:\/\/api.w.org\/{rel}","templated":true}]}}