{"id":7001,"date":"2026-04-26T23:45:30","date_gmt":"2026-04-27T04:45:30","guid":{"rendered":"https:\/\/elpirobo.com\/?p=7001"},"modified":"2026-04-28T05:45:52","modified_gmt":"2026-04-28T10:45:52","slug":"31-ataques-terroristas-de-las-disidencias-de-las-farc-en-72-horas-21-muertos-y-56-heridos","status":"publish","type":"post","link":"https:\/\/elpirobo.com\/?p=7001","title":{"rendered":"31 ataques terroristas de las disidencias de las FARC en 72 horas: 21 muertos y 56 heridos."},"content":{"rendered":"\n<h2 class=\"wp-block-heading\"><strong>El fin de semana m\u00e1s sangriento en d\u00e9cadas sacudi\u00f3 el suroccidente de Colombia con 31 ataques guerrilleros atribuidos al Estado Mayor Central de las Farc. Una bomba en el Cauca dej\u00f3 21 civiles muertos y 56 heridos en el peor atentado contra la poblaci\u00f3n civil desde 2003.<\/strong><\/h2>\n\n\n\n<p>Colombia vivi\u00f3 este fin de semana la peor escalada guerrillera en d\u00e9cadas. Al menos 31 ataques armados de las disidencias de las FARC sacudieron el suroccidente del pa\u00eds, dejando un saldo de 21 muertos y 56 heridos, seg\u00fan el balance oficial del Ministerio de Defensa. El atentado m\u00e1s grave ocurri\u00f3 en el departamento del Cauca, donde una bomba detonada en una carretera dej\u00f3 21 civiles muertos y decenas de veh\u00edculos destrozados junto a un cr\u00e1ter que recuerda las peores \u00e9pocas del conflicto armado.<\/p>\n\n\n\n<p>El gobierno atribuye la ofensiva al Estado Mayor Central comandado por alias Iv\u00e1n Mordisco, el criminal m\u00e1s buscado del pa\u00eds, quien rechaz\u00f3 el acuerdo de paz de 2016 y hoy se financia principalmente con el tr\u00e1fico de coca\u00edna. El ministro de Defensa, Pedro S\u00e1nchez, calific\u00f3 los hechos como \u00abcr\u00edmenes de guerra\u00bb y los present\u00f3 como una represalia de los rebeldes ante la presi\u00f3n militar. Sin embargo, la realidad es m\u00e1s cruda y previsible: esta ola de terror es la consecuencia directa y l\u00f3gica de la pol\u00edtica de \u00abpaz total\u00bb impulsada por Petro desde su llegada al poder en 2022.<\/p>\n\n\n\n<p>Lejos de pacificar el pa\u00eds, la fracasada estrategia petrista, ceses al fuego unilaterales, di\u00e1logos sin condiciones, reducci\u00f3n de operaciones militares y estigmatizaci\u00f3n de las Fuerzas Armadas, ha permitido que los terroristas se fortalezcan, recluten, controlen territorio y consoliden sus econom\u00edas il\u00edcitas. Expertos como Laura Bonilla, subdirectora de la Fundaci\u00f3n Paz y Reconciliaci\u00f3n, y Gerson Arias, de la Fundaci\u00f3n Ideas para la Paz, coinciden en que los ataques forman parte de una estrategia deliberada de \u00abzozobra y desestabilizaci\u00f3n\u00bb para generar miedo, dividir a la Fuerza P\u00fablica y presionar al Estado en plena recta final electoral.<\/p>\n\n\n\n<p>El Cauca, con su vasta superficie de narcocultivos, volvi\u00f3 a ser el epicentro de la violencia. Periodistas de la AFP describieron escenas dantescas: cuerpos desmembrados, veh\u00edculos calcinados y un cr\u00e1ter que evoca el peor atentado contra civiles en m\u00e1s de 20 a\u00f1os, comparable al ataque al club El Nogal en Bogot\u00e1 en 2003 perpetrado por las antiguas FARC.<\/p>\n\n\n\n<p>Mientras el pa\u00eds entero exig\u00eda respuestas firmes y condolencias a las v\u00edctimas, el presidente Gustavo Petro opt\u00f3 por publicar en sus redes sociales fotos de su fiesta de cumplea\u00f1os con collares hawaianos, el ministro de Hacienda y amigos de juventud. \u00abNo estamos solos, nos rodea el amor y la cadena de afectos. Somos un ej\u00e9rcito de Quijotes\u00bb, escribi\u00f3. La imagen gener\u00f3 indignaci\u00f3n transversal. El candidato Sergio Fajardo lo resumi\u00f3 con crudeza: \u00abNi una sola palabra de condolencia, ni la m\u00e1s m\u00ednima compasi\u00f3n. Ning\u00fan rastro de humanidad. Recuerde que son v\u00edctimas del caos total en el que termin\u00f3 su paz total. Qu\u00e9 indolencia, qu\u00e9 verg\u00fcenza\u00bb.<\/p>\n\n\n\n<p>Los candidatos presidenciales de la oposici\u00f3n no se quedaron callados. Abelardo de la Espriella fue directo: \u00abEstos no son actos aislados, son parte de un plan de desestabilizaci\u00f3n del desgobierno de Petro\u00bb. Paloma Valencia, candidata del Centro Democr\u00e1tico y oriunda del Cauca, responsabiliz\u00f3 al gobierno por haber permitido que la violencia creciera y prometi\u00f3 desde su departamento: \u00abAqu\u00ed tienen a una mujer con car\u00e1cter que no le va a temblar la mano para doblegar a los violentos. Mi primera acci\u00f3n ser\u00e1 militarizar la v\u00eda y fortalecer a la Fuerza P\u00fablica\u00bb.<\/p>\n\n\n\n<p>La realidad es innegable: despu\u00e9s de m\u00e1s de tres a\u00f1os de \u00abpaz total\u00bb, las filas de los grupos armados ilegales se han duplicado, controlan m\u00e1s territorio y se atreven a ejecutar la mayor ofensiva en d\u00e9cadas justo antes de las elecciones.<\/p>\n\n\n\n<p>El gobierno Petro, que lleg\u00f3 prometiendo terminar la guerra, ha logrado lo contrario: m\u00e1s guerra, m\u00e1s muertos y m\u00e1s territorio entregado al narcoterrorismo. Mientras las Farc siembran terror, el presidente celebra y habla de \u00abdi\u00e1logo\u00bb. Los colombianos ya no toleran m\u00e1s discursos vac\u00edos. La firmeza que exigen Paloma Valencia y la oposici\u00f3n democr\u00e1tica es la \u00fanica respuesta posible ante un enemigo que interpreta la debilidad como invitaci\u00f3n a matar.<\/p>\n","protected":false},"excerpt":{"rendered":"<p>31 acciones armadas en tres departamentos, 21 muertos y decenas de heridos es el saldo de la ofensiva de las FARC. La \u00abpaz total\u00bb de Gustavo Petro, que promet\u00eda desarmar a los violentos, ha logrado exactamente lo contrario: fortalecerlos, permitirles controlar territorio y coca\u00edna, y desestabilizar el pa\u00eds en plena campa\u00f1a electoral.<\/p>\n","protected":false},"author":1,"featured_media":7000,"comment_status":"open","ping_status":"open","sticky":false,"template":"","format":"standard","meta":{"footnotes":""},"categories":[7,49,2,5,9,3],"tags":[8655,6702,8656,8649,8658,8647,8644,8657,8646,8642],"class_list":["post-7001","post","type-post","status-publish","format-standard","has-post-thumbnail","hentry","category-actualidad","category-colombia","category-judicial","category-noticias-del-valle","category-politica","category-social","tag-31-ataques-farc-disidencias","tag-abelardo-de-la-espriella","tag-atentado-cauca-21-muertos","tag-crimenes-de-guerra-disidencias","tag-desestabilizacion-preelectoral","tag-gustavo-petro-cumpleanos","tag-ivan-mordisco-emc","tag-paloma-valencia-respuesta","tag-paz-total-fracaso-petro","tag-violencia-electoral-colombia"],"_links":{"self":[{"href":"https:\/\/elpirobo.com\/index.php?rest_route=\/wp\/v2\/posts\/7001","targetHints":{"allow":["GET"]}}],"collection":[{"href":"https:\/\/elpirobo.com\/index.php?rest_route=\/wp\/v2\/posts"}],"about":[{"href":"https:\/\/elpirobo.com\/index.php?rest_route=\/wp\/v2\/types\/post"}],"author":[{"embeddable":true,"href":"https:\/\/elpirobo.com\/index.php?rest_route=\/wp\/v2\/users\/1"}],"replies":[{"embeddable":true,"href":"https:\/\/elpirobo.com\/index.php?rest_route=%2Fwp%2Fv2%2Fcomments&post=7001"}],"version-history":[{"count":1,"href":"https:\/\/elpirobo.com\/index.php?rest_route=\/wp\/v2\/posts\/7001\/revisions"}],"predecessor-version":[{"id":7002,"href":"https:\/\/elpirobo.com\/index.php?rest_route=\/wp\/v2\/posts\/7001\/revisions\/7002"}],"wp:featuredmedia":[{"embeddable":true,"href":"https:\/\/elpirobo.com\/index.php?rest_route=\/wp\/v2\/media\/7000"}],"wp:attachment":[{"href":"https:\/\/elpirobo.com\/index.php?rest_route=%2Fwp%2Fv2%2Fmedia&parent=7001"}],"wp:term":[{"taxonomy":"category","embeddable":true,"href":"https:\/\/elpirobo.com\/index.php?rest_route=%2Fwp%2Fv2%2Fcategories&post=7001"},{"taxonomy":"post_tag","embeddable":true,"href":"https:\/\/elpirobo.com\/index.php?rest_route=%2Fwp%2Fv2%2Ftags&post=7001"}],"curies":[{"name":"wp","href":"https:\/\/api.w.org\/{rel}","templated":true}]}}