{"id":6992,"date":"2026-04-27T23:54:37","date_gmt":"2026-04-28T04:54:37","guid":{"rendered":"https:\/\/elpirobo.com\/?p=6992"},"modified":"2026-04-28T04:57:18","modified_gmt":"2026-04-28T09:57:18","slug":"paloma-valencia-denuncia-que-el-frente-42-de-las-farc-le-puso-precio-a-su-cabeza-por-2-mil-millones-de-pesos","status":"publish","type":"post","link":"https:\/\/elpirobo.com\/?p=6992","title":{"rendered":"Paloma Valencia denuncia que el Frente 42 de las FARC le puso precio a su cabeza por 2 mil millones de pesos"},"content":{"rendered":"\n<h2 class=\"wp-block-heading\">La candidata presidencial, Paloma Valencia, revel\u00f3 que le informaron oficialmente sobre un plan de las disidencias de las FARC para asesinarla. <\/h2>\n\n\n\n<p>Paloma Valencia, candidata presidencial, volvi\u00f3 a demostrar la valent\u00eda que tanto escasea en la pol\u00edtica colombiana actual. En una denuncia p\u00fablica y sin victimizarse, la senadora revel\u00f3 que el ministro de Defensa Pedro S\u00e1nchez y el director de la Polic\u00eda Nacional, le informaron oficialmente sobre un plan concreto para asesinarla.<\/p>\n\n\n\n<p>Seg\u00fan la informaci\u00f3n entregada por las m\u00e1s altas autoridades de seguridad del Estado, el Frente 42 de las disidencias de las FARC, comandado por un sujeto conocido como \u00abBuche Tula\u00bb, recibi\u00f3 dos mil millones de pesos para ejecutar el atentado contra su vida. Valencia no dud\u00f3 en se\u00f1alar la causa: su oposici\u00f3n frontal y sin matices a la fallida \u00abpaz total\u00bb del petrismo, esa pol\u00edtica que ha permitido que grupos narcoterroristas se fortalezcan, controlen territorio y ahora se atrevan a poner precio a la cabeza de una precandidata presidencial.<\/p>\n\n\n\n<p>\u00abLa informaci\u00f3n que tenemos es que es el Frente 42 de las FARC, con un sujeto conocido como &#8216;Buche Tula&#8217;, que le pagaron dos mil millones de pesos para que me asesinen\u00bb, declar\u00f3 la congresista. A pesar de la gravedad de la amenaza, Valencia denunci\u00f3 que no ha recibido refuerzos adicionales en su esquema de seguridad. Aun as\u00ed, dej\u00f3 claro que no se esconder\u00e1: \u00abNo estamos ni para pedir m\u00e1s garant\u00edas de las que ya hemos pedido ni para victimizarnos, estamos para decirle a los colombianos que la firmeza en el car\u00e1cter s\u00ed la tienen las mujeres y que no vamos a salir a escondernos\u00bb. Anunci\u00f3 que continuar\u00e1 su campa\u00f1a en el suroccidente del pa\u00eds, la misma regi\u00f3n donde las disidencias y otros grupos armados han consolidado su \u00abgobernanza ilegal\u00bb bajo la mirada complaciente del gobierno.<\/p>\n\n\n\n<p>La candidata fue a\u00fan m\u00e1s lejos y dej\u00f3 una promesa clara: si llega a la Presidencia, su primer decreto ser\u00e1 reactivar todas las \u00f3rdenes de captura contra los cabecillas de los grupos guerrilleros y narcoterroristas. Un mensaje directo al coraz\u00f3n del proyecto petrista, que ha preferido negociar, conceder y legitimar a los mismos violentos que hoy amenazan la vida de sus opositores.<\/p>\n\n\n\n<p>Semanas atr\u00e1s ya hab\u00edan circulado en redes sociales im\u00e1genes de Paloma Valencia con una corona f\u00fanebre, y el expresidente \u00c1lvaro Uribe V\u00e9lez hab\u00eda advertido p\u00fablicamente sobre un complot del ELN en su contra. Ahora la amenaza se materializa con informaci\u00f3n oficial del propio gobierno. El mensaje es escalofriante: bajo la \u00abpaz total\u00bb de Petro, los grupos armados ilegales no solo se fortalecen territorialmente, sino que se atreven a se\u00f1alar y perseguir a quienes representan una alternativa democr\u00e1tica y de mano dura contra el terrorismo.<\/p>\n\n\n\n<p>Este episodio no es un hecho aislado. Es la consecuencia l\u00f3gica de una \u00abpaz total\u00bb que nunca desarm\u00f3 a nadie, que debilit\u00f3 a las Fuerzas Armadas y a la Polic\u00eda, y que ha convertido a Colombia en un pa\u00eds donde los violentos deciden qui\u00e9n puede hacer pol\u00edtica y qui\u00e9n debe callar o morir. Mientras Petro y sus ministros hablan de \u00abdi\u00e1logo\u00bb y \u00abreconciliaci\u00f3n\u00bb, las disidencias de las FARC ponen precio a la cabeza de una mujer que se atreve a decir que la paz verdadera se construye con firmeza, no con concesiones.<\/p>\n\n\n\n<p>Paloma Valencia ha elegido la valent\u00eda. No se victimiza, no pide escondites y sigue recorriendo el pa\u00eds. Su denuncia es un acto de coraje en medio de un clima de violencia que el petrismo ha contribuido a alimentar con su debilidad estrat\u00e9gica y su obsesi\u00f3n ideol\u00f3gica por negociar con criminales.<\/p>\n\n\n\n<p>Los colombianos que a\u00fan creen en una Colombia segura y en un Estado que no negocia con sus enemigos tienen en Paloma Valencia una voz que no se doblega. Mientras las disidencias de las FARC ofrecen 2 mil millones de pesos por su vida, ella ofrece reactivar las \u00f3rdenes de captura y recuperar el monopolio de la fuerza que el Estado ha perdido bajo este gobierno.<\/p>\n\n\n\n<p>La amenaza contra Paloma Valencia no es solo contra una candidata. Es contra la democracia misma y contra cualquiera que se oponga al proyecto de izquierda radical que hoy gobierna Colombia. El hecho de que sea el propio gobierno quien le confirme la amenaza dice todo lo que hay que saber sobre el nivel de deterioro de la seguridad nacional.<\/p>\n","protected":false},"excerpt":{"rendered":"<p>Paloma Valencia denuncia le confirmaron planes de atentado en su contra por parte del Frente 42 de las disidencias de las FARC, que pag\u00f3 2 mil millones de pesos a alias \u00abBuche Tula\u00bb para matarla.<\/p>\n","protected":false},"author":1,"featured_media":6991,"comment_status":"open","ping_status":"open","sticky":false,"template":"","format":"standard","meta":{"footnotes":""},"categories":[7,49,12,2,5,9],"tags":[8641,8638,8640,8639,8637,4545,8636,8474,6254,8642],"class_list":["post-6992","post","type-post","status-publish","format-standard","has-post-thumbnail","hentry","category-actualidad","category-colombia","category-internacional","category-judicial","category-noticias-del-valle","category-politica","tag-alvaro-uribe-complot-eln","tag-amenaza-contra-valencia","tag-buche-tula","tag-disidencias-farc-petro","tag-frente-42-farc","tag-miguel-uribe-turbay","tag-paloma-valencia-atentado","tag-paz-total-fracaso","tag-pedro-sanchez-ministro-defensa","tag-violencia-electoral-colombia"],"_links":{"self":[{"href":"https:\/\/elpirobo.com\/index.php?rest_route=\/wp\/v2\/posts\/6992","targetHints":{"allow":["GET"]}}],"collection":[{"href":"https:\/\/elpirobo.com\/index.php?rest_route=\/wp\/v2\/posts"}],"about":[{"href":"https:\/\/elpirobo.com\/index.php?rest_route=\/wp\/v2\/types\/post"}],"author":[{"embeddable":true,"href":"https:\/\/elpirobo.com\/index.php?rest_route=\/wp\/v2\/users\/1"}],"replies":[{"embeddable":true,"href":"https:\/\/elpirobo.com\/index.php?rest_route=%2Fwp%2Fv2%2Fcomments&post=6992"}],"version-history":[{"count":1,"href":"https:\/\/elpirobo.com\/index.php?rest_route=\/wp\/v2\/posts\/6992\/revisions"}],"predecessor-version":[{"id":6993,"href":"https:\/\/elpirobo.com\/index.php?rest_route=\/wp\/v2\/posts\/6992\/revisions\/6993"}],"wp:featuredmedia":[{"embeddable":true,"href":"https:\/\/elpirobo.com\/index.php?rest_route=\/wp\/v2\/media\/6991"}],"wp:attachment":[{"href":"https:\/\/elpirobo.com\/index.php?rest_route=%2Fwp%2Fv2%2Fmedia&parent=6992"}],"wp:term":[{"taxonomy":"category","embeddable":true,"href":"https:\/\/elpirobo.com\/index.php?rest_route=%2Fwp%2Fv2%2Fcategories&post=6992"},{"taxonomy":"post_tag","embeddable":true,"href":"https:\/\/elpirobo.com\/index.php?rest_route=%2Fwp%2Fv2%2Ftags&post=6992"}],"curies":[{"name":"wp","href":"https:\/\/api.w.org\/{rel}","templated":true}]}}