{"id":6744,"date":"2026-02-27T20:10:31","date_gmt":"2026-02-28T01:10:31","guid":{"rendered":"https:\/\/elpirobo.com\/?p=6744"},"modified":"2026-03-03T20:27:40","modified_gmt":"2026-03-04T01:27:40","slug":"fallece-jairo-alfonso-prado-roldan-hijo-de-la-exgobernadora-del-valle-del-cauca-clara-luz-roldan","status":"publish","type":"post","link":"https:\/\/elpirobo.com\/?p=6744","title":{"rendered":"Fallece Jairo Alfonso Prado Rold\u00e1n, hijo de la exgobernadora del Valle del Cauca Clara Luz Rold\u00e1n"},"content":{"rendered":"\n<p class=\"has-medium-font-size\"><strong>El abogado hab\u00eda sido nombrado en 2025 como notario del municipio de Zarzal, en el norte del Valle del Cauca.<\/strong><\/p>\n\n\n\n<p>Este viernes 27 de febrero se conoci\u00f3 la lamentable noticia del fallecimiento de Jairo Alfonso Prado Rold\u00e1n, hijo de la exgobernadora del Valle del Cauca Clara Luz Rold\u00e1n. La informaci\u00f3n comenz\u00f3 a circular en redes sociales y gener\u00f3 m\u00faltiples mensajes de condolencias por parte de figuras pol\u00edticas, dirigentes regionales y ciudadanos del departamento.<\/p>\n\n\n\n<p>Prado Rold\u00e1n era abogado de profesi\u00f3n y en el a\u00f1o 2025 fue nombrado notario del municipio de Zarzal, en el norte del Valle del Cauca. Su llegada al cargo fue anunciada oficialmente por el Concejo Municipal de esa localidad el 5 de agosto de ese a\u00f1o mediante una publicaci\u00f3n en su p\u00e1gina web, en la que se le daba la bienvenida al nuevo notario del municipio.<\/p>\n\n\n\n<p>D\u00edas antes de conocerse la noticia de su fallecimiento, el joven abogado hab\u00eda compartido en su cuenta de Instagram una reflexi\u00f3n personal acompa\u00f1ada de una fotograf\u00eda. En el mensaje escribi\u00f3: \u201cTu mundo se manifiesta seg\u00fan aquello a lo que apuntas y cu\u00e1nto est\u00e1s dispuesto a sacrificar para alcanzarlo\u201d.<\/p>\n\n\n\n<blockquote class=\"wp-block-quote is-layout-flow wp-block-quote-is-layout-flow\">\n<p>Tras conocerse la noticia, diferentes figuras p\u00fablicas del Valle del Cauca expresaron mensajes de solidaridad con la familia Prado Rold\u00e1n y especialmente con la exgobernadora Clara Luz Rold\u00e1n.<\/p>\n<\/blockquote>\n\n\n\n<p>Mientras contin\u00faan los mensajes de solidaridad y condolencia, familiares y allegados atraviesan momentos de profundo dolor por la p\u00e9rdida del joven abogado, cuya noticia ha impactado a diferentes sectores pol\u00edticos y sociales del Valle del Cauca.<\/p>\n","protected":false},"excerpt":{"rendered":"<p>Fallece Jairo Alfonso Prado Rold\u00e1n, hijo de la exgobernadora del Valle del Cauca Clara Luz Rold\u00e1n<\/p>\n","protected":false},"author":1,"featured_media":6748,"comment_status":"open","ping_status":"open","sticky":false,"template":"","format":"standard","meta":{"footnotes":""},"categories":[7,49,2,5,9],"tags":[8155,34,133,8154,4672,8152,8153,5885,36,4376],"class_list":["post-6744","post","type-post","status-publish","format-standard","has-post-thumbnail","hentry","category-actualidad","category-colombia","category-judicial","category-noticias-del-valle","category-politica","tag-actualidad-valle","tag-cali","tag-clara-luz-roldan","tag-condolencias","tag-indervalle","tag-jairo-prado-roldan","tag-notaria-zarzal","tag-politica-regional","tag-valle-del-cauca","tag-zarzal"],"_links":{"self":[{"href":"https:\/\/elpirobo.com\/index.php?rest_route=\/wp\/v2\/posts\/6744","targetHints":{"allow":["GET"]}}],"collection":[{"href":"https:\/\/elpirobo.com\/index.php?rest_route=\/wp\/v2\/posts"}],"about":[{"href":"https:\/\/elpirobo.com\/index.php?rest_route=\/wp\/v2\/types\/post"}],"author":[{"embeddable":true,"href":"https:\/\/elpirobo.com\/index.php?rest_route=\/wp\/v2\/users\/1"}],"replies":[{"embeddable":true,"href":"https:\/\/elpirobo.com\/index.php?rest_route=%2Fwp%2Fv2%2Fcomments&post=6744"}],"version-history":[{"count":1,"href":"https:\/\/elpirobo.com\/index.php?rest_route=\/wp\/v2\/posts\/6744\/revisions"}],"predecessor-version":[{"id":6747,"href":"https:\/\/elpirobo.com\/index.php?rest_route=\/wp\/v2\/posts\/6744\/revisions\/6747"}],"wp:featuredmedia":[{"embeddable":true,"href":"https:\/\/elpirobo.com\/index.php?rest_route=\/wp\/v2\/media\/6748"}],"wp:attachment":[{"href":"https:\/\/elpirobo.com\/index.php?rest_route=%2Fwp%2Fv2%2Fmedia&parent=6744"}],"wp:term":[{"taxonomy":"category","embeddable":true,"href":"https:\/\/elpirobo.com\/index.php?rest_route=%2Fwp%2Fv2%2Fcategories&post=6744"},{"taxonomy":"post_tag","embeddable":true,"href":"https:\/\/elpirobo.com\/index.php?rest_route=%2Fwp%2Fv2%2Ftags&post=6744"}],"curies":[{"name":"wp","href":"https:\/\/api.w.org\/{rel}","templated":true}]}}