{"id":6738,"date":"2026-03-02T19:35:16","date_gmt":"2026-03-03T00:35:16","guid":{"rendered":"https:\/\/elpirobo.com\/?p=6738"},"modified":"2026-03-03T19:53:45","modified_gmt":"2026-03-04T00:53:45","slug":"ivan-cepeda-visito-cali-y-desato-criticas-por-falso-discurso-sobre-corrupcion-y-austeridad","status":"publish","type":"post","link":"https:\/\/elpirobo.com\/?p=6738","title":{"rendered":"Iv\u00e1n Cepeda visit\u00f3 Cali y desat\u00f3 cr\u00edticas por falso discurso sobre corrupci\u00f3n y austeridad"},"content":{"rendered":"\n<p class=\"has-medium-font-size\"><strong>El senador y candidato del petrismo present\u00f3 su supuesta visi\u00f3n de gobierno y propuso nuevamente reducir salarios de altos funcionarios, lo que gener\u00f3 cuestionamientos y reacciones pol\u00edticas ya que en el pasado se neg\u00f3 a hacerlo y ahora lo vuelve a prometer por en\u00e9sima vez en plena campa\u00f1a<\/strong><\/p>\n\n\n\n<p>El senador Iv\u00e1n Cepeda visit\u00f3 Cali y present\u00f3 su visi\u00f3n de un proyecto pol\u00edtico progresista, en un discurso donde insisti\u00f3 en la necesidad de combatir la corrupci\u00f3n y aplicar medidas de austeridad en el Estado. Sin embargo, su intervenci\u00f3n gener\u00f3 cr\u00edticas inmediatas entre sectores pol\u00edticos y ciudadanos que cuestionaron las omisiones del senador frente a esc\u00e1ndalos recientes que rodean al gobierno del presidente Gustavo Petro.<\/p>\n\n\n\n<p>Durante su intervenci\u00f3n, Cepeda habl\u00f3 de la necesidad de fortalecer pol\u00edticas sociales y reiter\u00f3 su propuesta de reducir el salario de congresistas y altos funcionarios del Estado para destinar esos recursos a programas sociales. La idea, que ha sido planteada en varias ocasiones por el senador, volvi\u00f3 a generar debate pol\u00edtico.<\/p>\n\n\n\n<p>Las cr\u00edticas se centraron en que, mientras el senador hablaba de corrupci\u00f3n y austeridad, no mencion\u00f3 esc\u00e1ndalos recientes que han golpeado al petrismo. Entre ellos se encuentran las investigaciones por el saqueo de la Unidad Nacional para la Gesti\u00f3n del Riesgo de Desastres (UNGRD) y las denuncias sobre contratos millonarios relacionados con RTVC que habr\u00edan incluido servicios de maquillaje y fotograf\u00eda vinculados al entorno de Ver\u00f3nica Alcocer.<\/p>\n\n\n\n<p>Adem\u00e1s, opositores recordaron que Cepeda ha planteado repetidamente la reducci\u00f3n de salarios de altos funcionarios, pero hace apenas unos meses se neg\u00f3 a reducir su propio sueldo cuando se discuti\u00f3 el tema fuera de contexto electoral.<\/p>\n\n\n\n<blockquote class=\"wp-block-quote is-layout-flow wp-block-quote-is-layout-flow\">\n<p>\u201cNuestra campa\u00f1a no es un espect\u00e1culo, no es un carnaval ni una feria de vanidades\u201d, afirm\u00f3 Iv\u00e1n Cepeda al iniciar su intervenci\u00f3n en Cali.<\/p>\n<\/blockquote>\n\n\n\n<p>La visita del senador tambi\u00e9n ocurre en medio de un ambiente pol\u00edtico altamente polarizado en el pa\u00eds. Desde sectores del petrismo se ha advertido que, si las fuerzas progresistas no logran mantenerse en el poder, Colombia podr\u00eda enfrentar un nuevo estallido social.<\/p>\n\n\n\n<p>Ese antecedente tiene un peso especial en Cali. Durante el estallido social de 2021 la ciudad fue uno de los epicentros de las protestas m\u00e1s intensas del pa\u00eds, con bloqueos prolongados, episodios de violencia, asesinatos y saqueos que paralizaron la econom\u00eda y generaron una profunda crisis de orden p\u00fablico.<\/p>\n\n\n\n<p>En ese contexto, las declaraciones de Cepeda y el discurso del petrismo reavivan un debate pol\u00edtico que sigue marcado por fuertes tensiones ideol\u00f3gicas. Mientras sus seguidores defienden su agenda progresista, sus cr\u00edticos se\u00f1alan que el discurso anticorrupci\u00f3n pierde fuerza cuando se omiten esc\u00e1ndalos que golpean directamente al gobierno que respalda.<\/p>\n\n\n\n<p>La visita del senador dej\u00f3 claro que el clima pol\u00edtico en Colombia contin\u00faa marcado por confrontaciones abiertas, discursos cada vez m\u00e1s polarizados y una discusi\u00f3n permanente sobre el rumbo pol\u00edtico del pa\u00eds.<\/p>\n","protected":false},"excerpt":{"rendered":"<p>Durante su visita a Cali, Iv\u00e1n Cepeda habl\u00f3 de lucha contra la corrupci\u00f3n y austeridad estatal, pero declaraciones provocaron cr\u00edticas por omitir los graves esc\u00e1ndalos de corrupci\u00f3n del petrismo.<\/p>\n","protected":false},"author":1,"featured_media":6739,"comment_status":"open","ping_status":"open","sticky":false,"template":"","format":"standard","meta":{"footnotes":""},"categories":[7,49,2,5,9],"tags":[34,2348,8151,24,3014,6634,193,1734,569,1886],"class_list":["post-6738","post","type-post","status-publish","format-standard","has-post-thumbnail","hentry","category-actualidad","category-colombia","category-judicial","category-noticias-del-valle","category-politica","tag-cali","tag-corrupcion-politica","tag-estallido-social-2021","tag-gustavo-petro","tag-ivan-cepeda","tag-petrismo","tag-politica-colombiana","tag-rtvc","tag-ungrd","tag-veronica-alcocer"],"_links":{"self":[{"href":"https:\/\/elpirobo.com\/index.php?rest_route=\/wp\/v2\/posts\/6738","targetHints":{"allow":["GET"]}}],"collection":[{"href":"https:\/\/elpirobo.com\/index.php?rest_route=\/wp\/v2\/posts"}],"about":[{"href":"https:\/\/elpirobo.com\/index.php?rest_route=\/wp\/v2\/types\/post"}],"author":[{"embeddable":true,"href":"https:\/\/elpirobo.com\/index.php?rest_route=\/wp\/v2\/users\/1"}],"replies":[{"embeddable":true,"href":"https:\/\/elpirobo.com\/index.php?rest_route=%2Fwp%2Fv2%2Fcomments&post=6738"}],"version-history":[{"count":1,"href":"https:\/\/elpirobo.com\/index.php?rest_route=\/wp\/v2\/posts\/6738\/revisions"}],"predecessor-version":[{"id":6740,"href":"https:\/\/elpirobo.com\/index.php?rest_route=\/wp\/v2\/posts\/6738\/revisions\/6740"}],"wp:featuredmedia":[{"embeddable":true,"href":"https:\/\/elpirobo.com\/index.php?rest_route=\/wp\/v2\/media\/6739"}],"wp:attachment":[{"href":"https:\/\/elpirobo.com\/index.php?rest_route=%2Fwp%2Fv2%2Fmedia&parent=6738"}],"wp:term":[{"taxonomy":"category","embeddable":true,"href":"https:\/\/elpirobo.com\/index.php?rest_route=%2Fwp%2Fv2%2Fcategories&post=6738"},{"taxonomy":"post_tag","embeddable":true,"href":"https:\/\/elpirobo.com\/index.php?rest_route=%2Fwp%2Fv2%2Ftags&post=6738"}],"curies":[{"name":"wp","href":"https:\/\/api.w.org\/{rel}","templated":true}]}}