{"id":6726,"date":"2026-02-23T22:56:00","date_gmt":"2026-02-24T03:56:00","guid":{"rendered":"https:\/\/elpirobo.com\/?p=6726"},"modified":"2026-03-03T18:13:15","modified_gmt":"2026-03-03T23:13:15","slug":"23-000-millones-en-maquillaje-y-fotos-denuncian-millonario-gasto-alrededor-de-veronica-alcocer","status":"publish","type":"post","link":"https:\/\/elpirobo.com\/?p=6726","title":{"rendered":"$23.000 millones en maquillaje y fotos: denuncian millonario gasto alrededor de Ver\u00f3nica Alcocer"},"content":{"rendered":"\n<p class=\"has-medium-font-size\"><strong>Una denuncia ante la Fiscal\u00eda cuestiona el uso de recursos p\u00fablicos a trav\u00e9s de contratos con la cooperativa Savi. Los acuerdos se firmaron desde septiembre de 2022 y suman casi 23.000 millones de pesos.<\/strong><\/p>\n\n\n\n<p>Veintitr\u00e9s mil millones de pesos. $23.000\u2019000.000. Esa es la cifra que hoy est\u00e1 en el centro de una denuncia ante la Fiscal\u00eda y que ha generado una fuerte controversia nacional. Seg\u00fan documentos conocidos p\u00fablicamente, esa suma corresponde a contratos suscritos por RTVC, el sistema de medios p\u00fablicos, desde septiembre de 2022, un mes despu\u00e9s de la posesi\u00f3n del presidente Gustavo Petro, para la producci\u00f3n y transmisi\u00f3n de productos audiovisuales del Departamento Administrativo de la Presidencia (Dapre), bajo un esquema que incluy\u00f3 servicios de maquillador y fot\u00f3grafo vinculados, seg\u00fan las denuncias, a la entonces primera dama Ver\u00f3nica Alcocer.<\/p>\n\n\n\n<p>La contrataci\u00f3n se realiz\u00f3 a trav\u00e9s de la Cooperativa de Trabajo Asociado Soluciones de Audio y Video (Savi), bajo la modalidad de administraci\u00f3n delegada y vinculaci\u00f3n de terceros. Seg\u00fan respuesta oficial de RTVC a un derecho de petici\u00f3n, el v\u00ednculo contractual directo fue entre el sistema de medios p\u00fablicos y la cooperativa Savi, la cual posteriormente subcontrat\u00f3, entre otros, los servicios del maquillador Fady Javier Fl\u00f3rez y del fot\u00f3grafo Mauricio V\u00e9lez.<\/p>\n\n\n\n<p>El primer contrato con Savi se firm\u00f3 en septiembre de 2022 por 1.214 millones de pesos y tuvo vigencia hasta el 30 de noviembre de ese a\u00f1o. Posteriormente, en diciembre de 2022, se suscribi\u00f3 otro contrato por 1.921 millones de pesos con vigencia hasta marzo de 2023. Solo en los primeros meses del Gobierno Petro, Savi recibi\u00f3 m\u00e1s de 3.130 millones de pesos bajo este mismo esquema.<\/p>\n\n\n\n<p>En 2023, la cooperativa obtuvo un contrato por 5.549 millones de pesos y otro en diciembre por 1.792 millones. Es decir, en ese a\u00f1o los contratos sumaron m\u00e1s de 7.341 millones de pesos. En 2024 se firm\u00f3 un nuevo contrato por 8.000 millones de pesos y, en el \u00faltimo semestre de 2025, otro por 3.976 millones. El total acumulado en lo corrido del Gobierno asciende a casi 23.000 millones de pesos.<\/p>\n\n\n\n<blockquote class=\"wp-block-quote is-layout-flow wp-block-quote-is-layout-flow\">\n<p>\u201cLa simulaci\u00f3n de actividades institucionales y la justificaci\u00f3n formal de los contratos habr\u00edan servido como artificios para encubrir la atenci\u00f3n exclusiva a la imagen personal de la ex primera dama\u201d, se\u00f1ala la denuncia presentada por el profesor y experto anticrimen financiero Juan Carlos Portilla.<\/p>\n<\/blockquote>\n\n\n\n<p>Portilla sostiene que la modalidad de administraci\u00f3n delegada facilita que una entidad p\u00fablica transfiera la contrataci\u00f3n a un intermediario, reduciendo la transparencia directa y permitiendo direccionar recursos hacia terceros espec\u00edficos. En este caso, el Dapre firm\u00f3 un convenio interadministrativo con RTVC, y este a su vez contrat\u00f3 con Savi, que finalmente vincul\u00f3 al maquillador y al fot\u00f3grafo.<\/p>\n\n\n\n<p>RTVC ha confirmado que los contratos fueron celebrados con la cooperativa Savi y que las personas mencionadas estuvieron vinculadas en el marco de dichos contratos bajo esa modalidad. No obstante, la denuncia cuestiona si el esquema fue utilizado para beneficiar intereses particulares, utilizando recursos p\u00fablicos destinados a producci\u00f3n institucional.<\/p>\n\n\n\n<p>La controversia toma mayor fuerza tras declaraciones del propio presidente Gustavo Petro, quien afirm\u00f3 p\u00fablicamente que estaba separado de Ver\u00f3nica Alcocer desde hace varios a\u00f1os. Seg\u00fan la denuncia, esta circunstancia abrir\u00eda interrogantes sobre el alcance institucional de los servicios prestados y la justificaci\u00f3n del gasto p\u00fablico en favor de la entonces \u201cgestora social\u201d.<\/p>\n\n\n\n<p>La denuncia radicada ante la Fiscal\u00eda solicita investigar posibles delitos como estafa y otras responsabilidades administrativas o penales derivadas del uso de recursos p\u00fablicos. Tambi\u00e9n pide llamar a interrogatorio a Ver\u00f3nica Alcocer, al maquillador Fady Javier Fl\u00f3rez, al fot\u00f3grafo Mauricio V\u00e9lez y a los representantes legales de la cooperativa Savi.<\/p>\n\n\n\n<p>El caso se suma a un contexto de cuestionamientos sobre contrataci\u00f3n estatal y uso de recursos p\u00fablicos en el actual Gobierno. Mientras avanzan las actuaciones judiciales, la cifra de 23.000 millones de pesos sigue generando indignaci\u00f3n y debate sobre prioridades, transparencia y responsabilidad en el manejo del erario.<\/p>\n","protected":false},"excerpt":{"rendered":"<p>RTVC confirm\u00f3 contratos por casi 23.000 millones de pesos que incluyen servicios de maquillaje y fotograf\u00eda para Ver\u00f3nica Alcocer<\/p>\n","protected":false},"author":1,"featured_media":6727,"comment_status":"open","ping_status":"open","sticky":false,"template":"","format":"standard","meta":{"footnotes":""},"categories":[7,49,2,5,9],"tags":[2345,6342,28,3968,1889,167,24,1744,1734,1886],"class_list":["post-6726","post","type-post","status-publish","format-standard","has-post-thumbnail","hentry","category-actualidad","category-colombia","category-judicial","category-noticias-del-valle","category-politica","tag-contratacion-publica","tag-cooperativa-savi","tag-corrupcion","tag-dapre","tag-fiscalia-2","tag-gobierno-petro","tag-gustavo-petro","tag-recursos-publicos","tag-rtvc","tag-veronica-alcocer"],"_links":{"self":[{"href":"https:\/\/elpirobo.com\/index.php?rest_route=\/wp\/v2\/posts\/6726","targetHints":{"allow":["GET"]}}],"collection":[{"href":"https:\/\/elpirobo.com\/index.php?rest_route=\/wp\/v2\/posts"}],"about":[{"href":"https:\/\/elpirobo.com\/index.php?rest_route=\/wp\/v2\/types\/post"}],"author":[{"embeddable":true,"href":"https:\/\/elpirobo.com\/index.php?rest_route=\/wp\/v2\/users\/1"}],"replies":[{"embeddable":true,"href":"https:\/\/elpirobo.com\/index.php?rest_route=%2Fwp%2Fv2%2Fcomments&post=6726"}],"version-history":[{"count":1,"href":"https:\/\/elpirobo.com\/index.php?rest_route=\/wp\/v2\/posts\/6726\/revisions"}],"predecessor-version":[{"id":6728,"href":"https:\/\/elpirobo.com\/index.php?rest_route=\/wp\/v2\/posts\/6726\/revisions\/6728"}],"wp:featuredmedia":[{"embeddable":true,"href":"https:\/\/elpirobo.com\/index.php?rest_route=\/wp\/v2\/media\/6727"}],"wp:attachment":[{"href":"https:\/\/elpirobo.com\/index.php?rest_route=%2Fwp%2Fv2%2Fmedia&parent=6726"}],"wp:term":[{"taxonomy":"category","embeddable":true,"href":"https:\/\/elpirobo.com\/index.php?rest_route=%2Fwp%2Fv2%2Fcategories&post=6726"},{"taxonomy":"post_tag","embeddable":true,"href":"https:\/\/elpirobo.com\/index.php?rest_route=%2Fwp%2Fv2%2Ftags&post=6726"}],"curies":[{"name":"wp","href":"https:\/\/api.w.org\/{rel}","templated":true}]}}