{"id":6720,"date":"2026-02-20T22:35:00","date_gmt":"2026-02-21T03:35:00","guid":{"rendered":"https:\/\/elpirobo.com\/?p=6720"},"modified":"2026-03-03T10:52:10","modified_gmt":"2026-03-03T15:52:10","slug":"duvalier-sanchez-el-misogino-en-la-mira-ahora-denuncian-graves-agresiones-verbales-y-fisicas-contra-funcionarias-en-la-gobernacion-del-valle","status":"publish","type":"post","link":"https:\/\/elpirobo.com\/?p=6720","title":{"rendered":"Duvalier S\u00e1nchez, el mis\u00f3gino, en la mira: Ahora denuncian graves agresiones verbales y fisicas  contra funcionarias en la Gobernaci\u00f3n del Valle"},"content":{"rendered":"\n<p class=\"has-medium-font-size\"><strong>El representante del pacto hist\u00f3rico habr\u00eda increpado y amenazado a funcionarios p\u00fablicos en las afueras de la Gobernaci\u00f3n del Valle del Cauca.<\/strong><\/p>\n\n\n\n<p>Una nueva controversia rodea al cuestionado representante del pacto hist\u00f3rico y reconocido mis\u00f3gino, Duvalier S\u00e1nchez, luego de que se denunciara que este mi\u00e9rcoles en la tarde protagoniz\u00f3 un altercado en instalaciones de la Gobernaci\u00f3n del Valle del Cauca, donde habr\u00eda agredido f\u00edsica y verbalmente a funcionarios p\u00fablicos, entre ellos varias mujeres que ocupan cargos en la administraci\u00f3n departamental.<\/p>\n\n\n\n<p>Seg\u00fan versiones conocidas tras el incidente, S\u00e1nchez lleg\u00f3 al lugar con meg\u00e1fono en mano agrediendo verbalmente a la Gobernadora del Valle del Cauca y a los funcionarios departamentales. All\u00ed los amenaz\u00f3 p\u00fablicamente para que le respondieran sus supuestos cuestionamientos. Cuatro secretarios acudieron al llamado, dos de ellas mujeres, quienes fueron v\u00edctimas de intimidaciones y amenazas directas durante el intercambio.<\/p>\n\n\n\n<p>Testigos se\u00f1alaron que el tono de la confrontaci\u00f3n escal\u00f3 r\u00e1pidamente. Adem\u00e1s de las increpaciones directas, se habr\u00edan producido expresiones que podr\u00edan configurar amenazas contra servidor p\u00fablico. Entre quienes acompa\u00f1aban al candidato se encontraba el diputado Esteban Oliveros. Tambi\u00e9n se mencion\u00f3 a un individuo no identificado que habr\u00eda lanzado advertencias en las que se habl\u00f3 de \u201ctirar a la primera l\u00ednea\u201d a los funcionarios presentes, frase que gener\u00f3 alarma por su carga intimidatoria.<\/p>\n\n\n\n<p>El C\u00f3digo Penal colombiano, en su art\u00edculo 429, establece que la violencia contra servidor p\u00fablico puede acarrear penas de prisi\u00f3n entre cuatro y ocho a\u00f1os. La sanci\u00f3n puede aumentar si la conducta se agrava por circunstancias adicionales. El alcance jur\u00eddico de lo ocurrido depender\u00e1 de las denuncias formales y de las pruebas que se presenten ante las autoridades competentes.<\/p>\n\n\n\n<blockquote class=\"wp-block-quote is-layout-flow wp-block-quote-is-layout-flow\">\n<p>El episodio ha sido interpretado por sectores pol\u00edticos del Valle como un acto de intimidaci\u00f3n en pleno escenario institucional, en medio de la campa\u00f1a electoral, lo que eleva la tensi\u00f3n pol\u00edtica en el departamento.<\/p>\n<\/blockquote>\n\n\n\n<p>El hecho adquiere mayor dimensi\u00f3n por el contexto electoral. Duvalier S\u00e1nchez, cuya aspiraci\u00f3n al Senado cuenta con respaldos pol\u00edticos vinculados al petrismo y al gobernador de Boyac\u00e1, Carlos Amaya, enfrenta ahora nuevos cuestionamientos, esta vez por su comportamiento frente a funcionarias p\u00fablicas. La presencia de mujeres entre las personas increpadas ha generado cr\u00edticas adicionales, especialmente desde sectores que advierten un patr\u00f3n de confrontaci\u00f3n agresiva contra las mujeres enmarcado en una cada vez m\u00e1s evidente misoginia y machismo cr\u00f3nico por parte de S\u00e1nchez.<\/p>\n\n\n\n<p>Desde la Gobernaci\u00f3n del Valle se analiza la posibilidad de emprender acciones legales si se considera que hubo amenazas directas o vulneraci\u00f3n del ejercicio de funciones p\u00fablicas. Hasta el momento no se ha informado oficialmente si se interpondr\u00e1 denuncia penal, pero el tema ya se encuentra en discusi\u00f3n jur\u00eddica y pol\u00edtica.<\/p>\n\n\n\n<p>El episodio deja una pregunta abierta en el debate regional: \u00bfse trat\u00f3 de un acto leg\u00edtimo de control pol\u00edtico en campa\u00f1a o de una intimidaci\u00f3n que cruz\u00f3 los l\u00edmites legales? La respuesta podr\u00eda definirse en los estrados judiciales si el caso avanza formalmente.<\/p>\n\n\n\n<p><\/p>\n\n\n\n<p><\/p>\n","protected":false},"excerpt":{"rendered":"<p>Duvalier S\u00e1nchez y un grupo de sus acompa\u00f1antes habr\u00edan agredido, verbal y f\u00edsicamente, a un grupo de funcionarias de la Gobernaci\u00f3n del Valle del Cauca actos que podr\u00edan encuadrarse en el delito de violencia contra servidor p\u00fablico, violencia contra la mujer y misoginia seg\u00fan el C\u00f3digo Penal.<\/p>\n","protected":false},"author":1,"featured_media":6721,"comment_status":"open","ping_status":"open","sticky":false,"template":"","format":"standard","meta":{"footnotes":""},"categories":[7,49,2,5,9],"tags":[3333,5970,4861,29,341,766,255,644,36,8138],"class_list":["post-6720","post","type-post","status-publish","format-standard","has-post-thumbnail","hentry","category-actualidad","category-colombia","category-judicial","category-noticias-del-valle","category-politica","tag-campana-electoral","tag-codigo-penal","tag-controversia-politica","tag-dilian-francisca-toro","tag-duvalier-sanchez","tag-esteban-oliveros","tag-gobernacion-del-valle","tag-partido-verde","tag-valle-del-cauca","tag-violencia-contra-servidor-publico"],"_links":{"self":[{"href":"https:\/\/elpirobo.com\/index.php?rest_route=\/wp\/v2\/posts\/6720","targetHints":{"allow":["GET"]}}],"collection":[{"href":"https:\/\/elpirobo.com\/index.php?rest_route=\/wp\/v2\/posts"}],"about":[{"href":"https:\/\/elpirobo.com\/index.php?rest_route=\/wp\/v2\/types\/post"}],"author":[{"embeddable":true,"href":"https:\/\/elpirobo.com\/index.php?rest_route=\/wp\/v2\/users\/1"}],"replies":[{"embeddable":true,"href":"https:\/\/elpirobo.com\/index.php?rest_route=%2Fwp%2Fv2%2Fcomments&post=6720"}],"version-history":[{"count":1,"href":"https:\/\/elpirobo.com\/index.php?rest_route=\/wp\/v2\/posts\/6720\/revisions"}],"predecessor-version":[{"id":6722,"href":"https:\/\/elpirobo.com\/index.php?rest_route=\/wp\/v2\/posts\/6720\/revisions\/6722"}],"wp:featuredmedia":[{"embeddable":true,"href":"https:\/\/elpirobo.com\/index.php?rest_route=\/wp\/v2\/media\/6721"}],"wp:attachment":[{"href":"https:\/\/elpirobo.com\/index.php?rest_route=%2Fwp%2Fv2%2Fmedia&parent=6720"}],"wp:term":[{"taxonomy":"category","embeddable":true,"href":"https:\/\/elpirobo.com\/index.php?rest_route=%2Fwp%2Fv2%2Fcategories&post=6720"},{"taxonomy":"post_tag","embeddable":true,"href":"https:\/\/elpirobo.com\/index.php?rest_route=%2Fwp%2Fv2%2Ftags&post=6720"}],"curies":[{"name":"wp","href":"https:\/\/api.w.org\/{rel}","templated":true}]}}