{"id":6717,"date":"2026-02-20T22:30:00","date_gmt":"2026-02-21T03:30:00","guid":{"rendered":"https:\/\/elpirobo.com\/?p=6717"},"modified":"2026-03-03T10:35:24","modified_gmt":"2026-03-03T15:35:24","slug":"choque-benedetti-urrego-destapa-crisis-en-el-corazon-de-la-seguridad-del-estado","status":"publish","type":"post","link":"https:\/\/elpirobo.com\/?p=6717","title":{"rendered":"Choque Benedetti\u2013Urrego destapa crisis en el coraz\u00f3n de la seguridad del Estado"},"content":{"rendered":"\n<p class=\"has-medium-font-size\"><strong>El ministro del Interior asegur\u00f3 que el retiro del general (r) Edwin Urrego se bas\u00f3 en un informe de inteligencia que lo vincula a un supuesto plan contra el presidente Petro. El oficial anunci\u00f3 acciones legales.<\/strong><\/p>\n\n\n\n<p>Un nuevo choque sacude al Gobierno Nacional. El ministro del Interior, Armando Benedetti, afirm\u00f3 que el retiro del brigadier general (r) Edwin Urrego de la Polic\u00eda Nacional se fundament\u00f3 en un informe de inteligencia que lo vincular\u00eda a un presunto plan para \u201centrampar\u201d al presidente Gustavo Petro. La declaraci\u00f3n se produjo luego de que Urrego anunciara acciones legales para controvertir su salida y cuestionara p\u00fablicamente los motivos de su desvinculaci\u00f3n.<\/p>\n\n\n\n<p>El general retirado sostuvo en entrevista que su salida no estar\u00eda relacionada con un supuesto complot, sino con allanamientos judiciales realizados en noviembre de 2025 en la residencia del propio ministro Benedetti. Seg\u00fan su versi\u00f3n, esa actuaci\u00f3n habr\u00eda generado tensiones internas que terminaron afectando su permanencia en la instituci\u00f3n.<\/p>\n\n\n\n<p>Benedetti rechaz\u00f3 tajantemente esa hip\u00f3tesis a trav\u00e9s de redes sociales. Insisti\u00f3 en que el retiro del oficial no tuvo relaci\u00f3n alguna con los operativos judiciales y sostuvo que la decisi\u00f3n se bas\u00f3 exclusivamente en informaci\u00f3n de inteligencia que habr\u00eda sido conocida por el presidente de la Rep\u00fablica. Adem\u00e1s, ret\u00f3 al general a responder directamente los se\u00f1alamientos realizados por el jefe de Estado.<\/p>\n\n\n\n<p>El cruce de versiones dej\u00f3 al descubierto una fractura p\u00fablica entre dos figuras clave del aparato estatal: el ministro encargado del orden p\u00fablico y un alto oficial que ocup\u00f3 posiciones estrat\u00e9gicas en la Polic\u00eda Nacional. Urrego confirm\u00f3 que acudir\u00e1 a instancias judiciales para controvertir el acto administrativo que formaliz\u00f3 su retiro.<\/p>\n\n\n\n<blockquote class=\"wp-block-quote is-layout-flow wp-block-quote-is-layout-flow\">\n<p>El enfrentamiento p\u00fablico entre un ministro del Interior y un general retirado no es un hecho menor: expone tensiones profundas dentro del n\u00facleo de seguridad del Estado y abre interrogantes sobre el uso de informes de inteligencia en decisiones administrativas de alto nivel.<\/p>\n<\/blockquote>\n\n\n\n<p>El impacto pol\u00edtico es inmediato. En un contexto marcado por cifras de inseguridad en aumento, emergencias clim\u00e1ticas en varias regiones y una fuerte polarizaci\u00f3n preelectoral, la confrontaci\u00f3n agrava la percepci\u00f3n de inestabilidad institucional. La discusi\u00f3n no se limita a un conflicto personal; toca fibras sensibles como la credibilidad de los organismos de inteligencia, la autonom\u00eda de la Polic\u00eda y la transparencia en decisiones que afectan la seguridad nacional.<\/p>\n\n\n\n<p>Para el Gobierno del presidente Petro, el episodio a\u00f1ade presi\u00f3n en un momento complejo. Las acusaciones cruzadas alimentan la narrativa de divisiones internas y posible instrumentalizaci\u00f3n pol\u00edtica de informes reservados. Aunque no se han revelado detalles del documento de inteligencia mencionado por Benedetti, la sola referencia a un supuesto plan para \u201centrampar\u201d al mandatario eleva el tono del debate.<\/p>\n\n\n\n<p>Urrego, por su parte, al anunciar acciones legales, traslada el conflicto al terreno judicial. Esto podr\u00eda abrir la puerta a revelaciones adicionales sobre los procesos internos, los informes utilizados como sustento y la cronolog\u00eda real de los hechos que desembocaron en su retiro. La controversia podr\u00eda escalar si los tribunales ordenan exhibir documentos o revisar la legalidad del procedimiento.<\/p>\n\n\n\n<p>M\u00e1s all\u00e1 de los protagonistas, el pa\u00eds enfrenta el costo pol\u00edtico e institucional del enfrentamiento. La ciudadan\u00eda observa un pulso p\u00fablico en el n\u00facleo del poder mientras persisten problemas urgentes en materia de seguridad, orden p\u00fablico y gobernabilidad. La estabilidad de las instituciones encargadas de la seguridad se convierte as\u00ed en una preocupaci\u00f3n central en medio de un clima pol\u00edtico cada vez m\u00e1s tensionado.<\/p>\n\n\n\n<p><\/p>\n","protected":false},"excerpt":{"rendered":"<p>Urrego niega los se\u00f1alamientos y sostiene que su salida estar\u00eda relacionada con allanamientos a la residencia del ministro en 2025. El enfrentamiento eleva la tensi\u00f3n institucional en plena crisis de seguridad.<\/p>\n","protected":false},"author":1,"featured_media":6718,"comment_status":"open","ping_status":"open","sticky":false,"template":"","format":"standard","meta":{"footnotes":""},"categories":[7,49,2,5,9],"tags":[1016,342,2927,4450,167,24,6624,2963,40,1332],"class_list":["post-6717","post","type-post","status-publish","format-standard","has-post-thumbnail","hentry","category-actualidad","category-colombia","category-judicial","category-noticias-del-valle","category-politica","tag-armando-benedetti","tag-conflicto-politico","tag-crisis-institucional","tag-edwin-urrego","tag-gobierno-petro","tag-gustavo-petro","tag-inteligencia","tag-ministerio-del-interior","tag-policia-nacional","tag-seguridad-nacional"],"_links":{"self":[{"href":"https:\/\/elpirobo.com\/index.php?rest_route=\/wp\/v2\/posts\/6717","targetHints":{"allow":["GET"]}}],"collection":[{"href":"https:\/\/elpirobo.com\/index.php?rest_route=\/wp\/v2\/posts"}],"about":[{"href":"https:\/\/elpirobo.com\/index.php?rest_route=\/wp\/v2\/types\/post"}],"author":[{"embeddable":true,"href":"https:\/\/elpirobo.com\/index.php?rest_route=\/wp\/v2\/users\/1"}],"replies":[{"embeddable":true,"href":"https:\/\/elpirobo.com\/index.php?rest_route=%2Fwp%2Fv2%2Fcomments&post=6717"}],"version-history":[{"count":1,"href":"https:\/\/elpirobo.com\/index.php?rest_route=\/wp\/v2\/posts\/6717\/revisions"}],"predecessor-version":[{"id":6719,"href":"https:\/\/elpirobo.com\/index.php?rest_route=\/wp\/v2\/posts\/6717\/revisions\/6719"}],"wp:featuredmedia":[{"embeddable":true,"href":"https:\/\/elpirobo.com\/index.php?rest_route=\/wp\/v2\/media\/6718"}],"wp:attachment":[{"href":"https:\/\/elpirobo.com\/index.php?rest_route=%2Fwp%2Fv2%2Fmedia&parent=6717"}],"wp:term":[{"taxonomy":"category","embeddable":true,"href":"https:\/\/elpirobo.com\/index.php?rest_route=%2Fwp%2Fv2%2Fcategories&post=6717"},{"taxonomy":"post_tag","embeddable":true,"href":"https:\/\/elpirobo.com\/index.php?rest_route=%2Fwp%2Fv2%2Ftags&post=6717"}],"curies":[{"name":"wp","href":"https:\/\/api.w.org\/{rel}","templated":true}]}}